{"id":8191,"date":"2016-09-09T11:17:32","date_gmt":"2016-09-09T09:17:32","guid":{"rendered":"http:\/\/tus-jahn-hilfarth.de\/?p=8191"},"modified":"2016-09-09T11:17:32","modified_gmt":"2016-09-09T09:17:32","slug":"balloffensive-der-sponsoren","status":"publish","type":"post","link":"http:\/\/archiv.tus-jahn-hilfarth.de\/index.php\/balloffensive-der-sponsoren\/","title":{"rendered":"Balloffensive der Sponsoren!"},"content":{"rendered":"<p>Strahlende Gesichter bei zwei Hilfarther Jugendteams! Gleich mehrere TuS-Unterst\u00fctzer haben anl\u00e4sslich der neuen Saison Spielb\u00e4lle spendiert.<\/p>\n<div id='gallery-1' class='gallery galleryid-8191 gallery-columns-2 gallery-size-large'><figure class='gallery-item'>\n\t\t\t<div class='gallery-icon landscape'>\n\t\t\t\t<img width=\"640\" height=\"337\" src=\"http:\/\/archiv.tus-jahn-hilfarth.de\/wp-content\/uploads\/2016\/09\/WhatsApp-Image-2016-09-08-at-20.39.18-e1473412281167-1024x539.jpeg\" class=\"attachment-large size-large\" alt=\"\" loading=\"lazy\" aria-describedby=\"gallery-1-8192\" srcset=\"http:\/\/archiv.tus-jahn-hilfarth.de\/wp-content\/uploads\/2016\/09\/WhatsApp-Image-2016-09-08-at-20.39.18-e1473412281167-1024x539.jpeg 1024w, http:\/\/archiv.tus-jahn-hilfarth.de\/wp-content\/uploads\/2016\/09\/WhatsApp-Image-2016-09-08-at-20.39.18-e1473412281167-300x158.jpeg 300w, http:\/\/archiv.tus-jahn-hilfarth.de\/wp-content\/uploads\/2016\/09\/WhatsApp-Image-2016-09-08-at-20.39.18-e1473412281167-768x404.jpeg 768w, http:\/\/archiv.tus-jahn-hilfarth.de\/wp-content\/uploads\/2016\/09\/WhatsApp-Image-2016-09-08-at-20.39.18-e1473412281167.jpeg 1300w\" sizes=\"(max-width: 640px) 100vw, 640px\" \/>\n\t\t\t<\/div>\n\t\t\t\t<figcaption class='wp-caption-text gallery-caption' id='gallery-1-8192'>\n\t\t\t\tMarkus Marbach (Dross Wohnkultur) und Dirk Hermanns (Hairpoint Hermanns) mit der E-Jugend.\n\t\t\t\t<\/figcaption><\/figure><figure class='gallery-item'>\n\t\t\t<div class='gallery-icon landscape'>\n\t\t\t\t<img width=\"640\" height=\"417\" src=\"http:\/\/archiv.tus-jahn-hilfarth.de\/wp-content\/uploads\/2016\/09\/WhatsApp-Image-2016-09-09-at-09.56.01-1024x667.jpeg\" class=\"attachment-large size-large\" alt=\"\" loading=\"lazy\" aria-describedby=\"gallery-1-8193\" srcset=\"http:\/\/archiv.tus-jahn-hilfarth.de\/wp-content\/uploads\/2016\/09\/WhatsApp-Image-2016-09-09-at-09.56.01-1024x667.jpeg 1024w, http:\/\/archiv.tus-jahn-hilfarth.de\/wp-content\/uploads\/2016\/09\/WhatsApp-Image-2016-09-09-at-09.56.01-300x195.jpeg 300w, http:\/\/archiv.tus-jahn-hilfarth.de\/wp-content\/uploads\/2016\/09\/WhatsApp-Image-2016-09-09-at-09.56.01-768x500.jpeg 768w, http:\/\/archiv.tus-jahn-hilfarth.de\/wp-content\/uploads\/2016\/09\/WhatsApp-Image-2016-09-09-at-09.56.01.jpeg 1554w\" sizes=\"(max-width: 640px) 100vw, 640px\" \/>\n\t\t\t<\/div>\n\t\t\t\t<figcaption class='wp-caption-text gallery-caption' id='gallery-1-8193'>\n\t\t\t\tDie C-Jugend erhielt B\u00e4lle von Dirk und J\u00f6rg Markmann.\n\t\t\t\t<\/figcaption><\/figure>\n\t\t<\/div>\n\n","protected":false},"excerpt":{"rendered":"<p>Strahlende Gesichter bei zwei Hilfarther Jugendteams! Gleich mehrere TuS-Unterst\u00fctzer haben anl\u00e4sslich der neuen Saison Spielb\u00e4lle spendiert.<\/p>\n","protected":false},"author":1,"featured_media":8192,"comment_status":"closed","ping_status":"closed","sticky":false,"template":"","format":"standard","meta":[],"categories":[13,60],"tags":[],"wps_subtitle":"Jugendmannschaften","_links":{"self":[{"href":"http:\/\/archiv.tus-jahn-hilfarth.de\/index.php\/wp-json\/wp\/v2\/posts\/8191"}],"collection":[{"href":"http:\/\/archiv.tus-jahn-hilfarth.de\/index.php\/wp-json\/wp\/v2\/posts"}],"about":[{"href":"http:\/\/archiv.tus-jahn-hilfarth.de\/index.php\/wp-json\/wp\/v2\/types\/post"}],"author":[{"embeddable":true,"href":"http:\/\/archiv.tus-jahn-hilfarth.de\/index.php\/wp-json\/wp\/v2\/users\/1"}],"replies":[{"embeddable":true,"href":"http:\/\/archiv.tus-jahn-hilfarth.de\/index.php\/wp-json\/wp\/v2\/comments?post=8191"}],"version-history":[{"count":2,"href":"http:\/\/archiv.tus-jahn-hilfarth.de\/index.php\/wp-json\/wp\/v2\/posts\/8191\/revisions"}],"predecessor-version":[{"id":8195,"href":"http:\/\/archiv.tus-jahn-hilfarth.de\/index.php\/wp-json\/wp\/v2\/posts\/8191\/revisions\/8195"}],"wp:featuredmedia":[{"embeddable":true,"href":"http:\/\/archiv.tus-jahn-hilfarth.de\/index.php\/wp-json\/wp\/v2\/media\/8192"}],"wp:attachment":[{"href":"http:\/\/archiv.tus-jahn-hilfarth.de\/index.php\/wp-json\/wp\/v2\/media?parent=8191"}],"wp:term":[{"taxonomy":"category","embeddable":true,"href":"http:\/\/archiv.tus-jahn-hilfarth.de\/index.php\/wp-json\/wp\/v2\/categories?post=8191"},{"taxonomy":"post_tag","embeddable":true,"href":"http:\/\/archiv.tus-jahn-hilfarth.de\/index.php\/wp-json\/wp\/v2\/tags?post=8191"}],"curies":[{"name":"wp","href":"https:\/\/api.w.org\/{rel}","templated":true}]}}