{"id":8316,"date":"2016-09-29T01:01:25","date_gmt":"2016-09-28T23:01:25","guid":{"rendered":"http:\/\/tus-jahn-hilfarth.de\/?p=8316"},"modified":"2016-09-29T10:38:32","modified_gmt":"2016-09-29T08:38:32","slug":"eine-tolle-bahnsaison-geht-zu-ende","status":"publish","type":"post","link":"http:\/\/archiv.tus-jahn-hilfarth.de\/index.php\/eine-tolle-bahnsaison-geht-zu-ende\/","title":{"rendered":"Eine tolle Bahnsaison geht zu Ende"},"content":{"rendered":"<p>Was f\u00fcr ein Jahr: Der Grundstein wurde sicherlich in Saarbr\u00fccken im Trainingslager gelegt, wo alle ganz toll mitzogen. Der erste Wettkampf in H\u00fcckelhoven zeigte dann, wir sind auf dem richtigen Weg , schon hier purzelten viele Bestleistungen . \u00dcber Wettkampfst\u00e4tten wie Aachen , K\u00f6ln , Rheydt erreichten wir im Juni einen unserer H\u00f6hepunkte , die Teamqualifikation U 14 f\u00fcr Rhede. Das Ergebnis kennen alle&#8230;<br \/>\nGestern dann der Bahnabschluss mit dem traditionellen Abendsportfest in Erkelenz: Kreismeisterschaften U14 \u00fcber 800m\u00a0 und die 4x75m-Staffel, dazu Kreisbestenwettk\u00e4mpfe \u00fcber 800 m der U12. Auch im Rahmenprogramm U10\/16\/18\/20 standen einige unserer Athleten in den Startl\u00f6chern. Den Anfang machte eins unserer neuen M\u00e4dchen. Johanna Bleimling startete in der W13 \u00fcber 75 m und das gleich fulminant , denn sie gewann nicht nur ihre Altersklasse in 11,81 Sekunden sondern auch die komplette wU14. Super Johanna , was f\u00fcr ein Einstand.<br \/>\nDann ging&#8217;s auch gleich weiter zum Weitsprung . In der U14 am Start Lea Lambertz, Louisa Horsten, Melanie Gille\u00dfen , Romy Winzen, Vanessa Morsbach , Merritt Ringk und unsere j\u00fcngste am heutigen Tag, Selay Karaca, eigentlich noch W 11 startberechtigt. Das Endergebnis konnte sich sehen lassen, sechs M\u00e4dels unter den besten acht der W12 trugen das blau-wei\u00dfe TuS Jahn-Trikot. Gold , Silber und Bronze gingen an Lea (4,35 m), Vanessa (4,13 m) und Louisa (4,07 m) , Platz 4 und 5 belegten Melli (4,00 m) und Romy (3,93 m) . Das tolle Mannschaftsergebnis komplettierten Selay (3,56 m) als Deb\u00fctantin auf Platz 8 sowie Merritt (3,76 m) auf Platz 2 der W13. Dazu bedeuteten die Weiten von Vanessa, Romy und Selay neue Hausrekorde. Toll gemacht&#8230;<br \/>\nAuch unsere etwas \u00e4lteren M\u00e4dchen Seda Ceylan (W14) , Maya Winzen (U18) und Jolene Beer (U20) versuchten sich im Sprint \u00fcber 100 m und beim Weitsprung . F\u00fcr Seda bedeuteten 15,22 Sekunden Platz 1 im Sprint , im Weitsprung erreichte sie 3,57 m. Maya , schon vor 2 Wochen zum ersten Mal in Heinsberg am Start , kr\u00f6nte ihr stabile Leistung von 4m-Spr\u00fcngen am Ende mit einer Weite von 4,24m und einem sch\u00f6nen 4. Platz im Gesamtklassement der U18 . Im Sprint bedeuteten 15,17 Sekunden \u00fcber 100m den 2. Platz. Jolene bestritt zum ersten Mal einen Wettkampf und kratzte gleich mit 3,91 m knapp an der 4 m Marke. Auch im Sprint schlug sie sich gut, 15,55 Sekunden bedeuteten Rang 2. Daumen hoch f\u00fcr euch Drei.<br \/>\n\u00dcber 2000 m war dann eine unserer Kleinsten am Start. Maya Schmitz wusste mit einer tollen 10 Minuten-Zeit \u00fcber die 5 Stadionrunden zu \u00fcberzeugen . Super gemacht. Auch Vanessa zeigte sich \u00fcber die Distanz in guter Form. Nachdem sie schon im Weitsprung ihre Bestleistung erheblich steigerte , zeigte sie, das sie auch lang kann, 8:57.47 min lassen aufhorchen.<\/p>\n<p>Im Anschluss begann dann das eigentliche Highlight des Abends, die 4x75m-Staffel stand als Kreismeisterschaft auf dem Programm . Unsere U 14 er M\u00e4dels konnten allein 3 Staffeln stellen, wann hat es sowas schon einmal gegeben , ein tolles Bild . Insgesamt starteten 5 Staffeln aus dem Kreis und wir konnten alle Medallienr\u00e4nge belegen. Staffel 1 mit Louisa , Sophie, Lea und Melli rannten in neuer Vereinsrekordzeit von 43,03 Sekunden zum Kreismeistertitel . Staffel 2 in der Besetzung Michelle Graf , Merrit Ringk, Saskia Wrede und Johanna Bleimling wussten mit Platz 2 in einer Zeit von 44,88 Sekunden zu \u00fcberzeugen . Staffel 3 mit Romy, Selay , Vanessa und Jule erliefen sich in 46,04 Sekunden einen tollen 3. Platz. Was f\u00fcr eine \u00fcberzeugende Teamleistung&#8230;<\/p>\n<p>Zur guter Letzt stand f\u00fcr die U14 \u00fcber 800 m eine weitere Kreismeisterschaft auf dem Plan, bei der U12 die Kreisbestenwettk\u00e4mpfe . Den Anfang machte die wU14, in einem recht gro\u00dfen Starterfeld standen f\u00fcr uns Lea , Romy, Melli, Sophie und Michelle . Es kristallisierte sich fr\u00fch heraus, das es ein wirkliches schnelles Rennen werden k\u00f6nnte. Sophie sorgte bald nach dem Start f\u00fcr die Pace, unsere anderen M\u00e4dels hielten sich an die Marschroute zusammen zu laufen , was sich am Ende auch auszahlte .\u00a0 Etwa 200 m vor den Ziel spielte Sophie ihre Sprinterqualit\u00e4ten aus und rannte dem Hauptfeld davon. In einer neuen pers\u00f6nlichen Bestleistung von 2:36,68 min schnappte sie sich die Kreismeisterschaft auf der eigentlich ungeliebten Strecke .\u00a0 Auch unsere anderen jungen Damen erreichten tolle Zeiten. Michelle verbesserte sich um fast 6 Sekunden auf 2:44,78 min, was ihr den Kreismeistertitel in der W13 bescherte . Melli verbesserte ihre gerade in Rhede aufgestellte Bestzeit noch einmal um 4 Sekunden auf 2:45,52 min , was uns den Doppelerfolg in der W 12 mit Sophie zusammen brachte. Auch Romy, die mehr die l\u00e4ngeren Strecken mag, kratzte hauchd\u00fcnn an ihrer Bestzeit, 2:52,27 min bedeuteten am Ende KM-Rang 4. Unsere Mehrk\u00e4mpferin Lea verbesserte sich ebenfalls , sie kam mit knapp \u00fcber 3 Minuten ins Ziel , 3:02,36 min bedeuteten Platz 5. Das tolle Mannschaftsergebnis rundete Louisa als 6. mit einer Zeit von 3:07,24 min ab.<br \/>\nBei den Jungs ging es ebenfalls um den Kreismeistertitel, und den sicherte sich Nils\u00a0 nach taktisch guter Laufeinteilung . Von Beginn an heftete er sich an die Fersen seines gr\u00f6\u00dften Konkurrenten aus Wassenberg, der noch vor einer Woche das Duell \u00fcber 1000m f\u00fcr sich entscheiden konnte. Auf den letzten 200m z\u00fcndete Nils den Turbo und gewann den Titel in einer Zeit von 2:42,33 min. Lieber Nils , toll gemacht , im Vordergrund stand heute der Titel und nicht die Zeit, und Du hast alles richtig gemacht , das Ergebnis spricht f\u00fcr Dich&#8230;.<br \/>\nZu guter Letzt wurden bei der U12 die Titel der Kreisbesten \u00fcber 800 m vergeben, und auch hier spielten unsere Kids die erste Geige. Den Beginn machten die M\u00e4dels: Selay holte den Titel in pers\u00f6nlicher Bestleistung von 3:07,93 min bei der W11, Jule wurde hier in 03:27,89 min Dritte. In der W10 sicherte sich Alina Heizmann mit 3:18,75 min den 1. Platz , gefolgt von Zoe Schmitz in 3:27,89 min auf dem Silberrang und Elvan Yilmaz mit 3:50,22 min auf dem Bronzerang. Top M\u00e4dels&#8230;.<br \/>\nDer letzte im Bunde \u00fcber 800 m war dann Amon Winzen in der Klasse M10, er wurde Kreisbester in 2:50.76 min . Was f\u00fcr ein toller Bahnabschluss&#8230;.<\/p>\n","protected":false},"excerpt":{"rendered":"<p>Was f\u00fcr ein Jahr: Der Grundstein wurde sicherlich in Saarbr\u00fccken im Trainingslager gelegt, wo alle ganz toll mitzogen. Der erste Wettkampf in H\u00fcckelhoven zeigte dann, wir sind auf dem richtigen Weg , schon hier purzelten viele Bestleistungen . \u00dcber Wettkampfst\u00e4tten wie Aachen , K\u00f6ln , Rheydt erreichten wir im Juni einen unserer H\u00f6hepunkte , die [&hellip;]<\/p>\n","protected":false},"author":8,"featured_media":8317,"comment_status":"closed","ping_status":"closed","sticky":false,"template":"","format":"standard","meta":[],"categories":[39,60],"tags":[],"wps_subtitle":"Abendsportfest Erkelenz","_links":{"self":[{"href":"http:\/\/archiv.tus-jahn-hilfarth.de\/index.php\/wp-json\/wp\/v2\/posts\/8316"}],"collection":[{"href":"http:\/\/archiv.tus-jahn-hilfarth.de\/index.php\/wp-json\/wp\/v2\/posts"}],"about":[{"href":"http:\/\/archiv.tus-jahn-hilfarth.de\/index.php\/wp-json\/wp\/v2\/types\/post"}],"author":[{"embeddable":true,"href":"http:\/\/archiv.tus-jahn-hilfarth.de\/index.php\/wp-json\/wp\/v2\/users\/8"}],"replies":[{"embeddable":true,"href":"http:\/\/archiv.tus-jahn-hilfarth.de\/index.php\/wp-json\/wp\/v2\/comments?post=8316"}],"version-history":[{"count":7,"href":"http:\/\/archiv.tus-jahn-hilfarth.de\/index.php\/wp-json\/wp\/v2\/posts\/8316\/revisions"}],"predecessor-version":[{"id":8324,"href":"http:\/\/archiv.tus-jahn-hilfarth.de\/index.php\/wp-json\/wp\/v2\/posts\/8316\/revisions\/8324"}],"wp:featuredmedia":[{"embeddable":true,"href":"http:\/\/archiv.tus-jahn-hilfarth.de\/index.php\/wp-json\/wp\/v2\/media\/8317"}],"wp:attachment":[{"href":"http:\/\/archiv.tus-jahn-hilfarth.de\/index.php\/wp-json\/wp\/v2\/media?parent=8316"}],"wp:term":[{"taxonomy":"category","embeddable":true,"href":"http:\/\/archiv.tus-jahn-hilfarth.de\/index.php\/wp-json\/wp\/v2\/categories?post=8316"},{"taxonomy":"post_tag","embeddable":true,"href":"http:\/\/archiv.tus-jahn-hilfarth.de\/index.php\/wp-json\/wp\/v2\/tags?post=8316"}],"curies":[{"name":"wp","href":"https:\/\/api.w.org\/{rel}","templated":true}]}}