{"id":8335,"date":"2016-10-02T18:37:04","date_gmt":"2016-10-02T16:37:04","guid":{"rendered":"http:\/\/tus-jahn-hilfarth.de\/?p=8335"},"modified":"2016-10-02T20:13:50","modified_gmt":"2016-10-02T18:13:50","slug":"neues-von-unseren-marathonis","status":"publish","type":"post","link":"http:\/\/archiv.tus-jahn-hilfarth.de\/index.php\/neues-von-unseren-marathonis\/","title":{"rendered":"Neues von unseren Marathonis"},"content":{"rendered":"<p>Die Zeit der Herbstmarathons hat begonnen. W\u00e4hrend letzte Woche in Berlin Jessica Mones-Rohloff und Stephan Wicht\u00a0im Trikot des TuS Jahn das Ziel hinter dem Brandenburger Tor erreichten, hatten heute Wolfgang Grates und Stefan B\u00fcrger den K\u00f6lner Dom \u00fcber 42 km im Visier.<\/p>\n<p><a href=\"http:\/\/tus-jahn-hilfarth.de\/index.php\/neues-von-unseren-marathonis\/la_jessica\/\" rel=\"attachment wp-att-8341\"><img loading=\"lazy\" class=\"alignright size-medium wp-image-8341\" src=\"http:\/\/tus-jahn-hilfarth.de\/wp-content\/uploads\/2016\/10\/LA_Jessica-e1475427459870-300x198.jpg\" alt=\"la_jessica\" width=\"300\" height=\"198\" srcset=\"http:\/\/archiv.tus-jahn-hilfarth.de\/wp-content\/uploads\/2016\/10\/LA_Jessica-e1475427459870-300x198.jpg 300w, http:\/\/archiv.tus-jahn-hilfarth.de\/wp-content\/uploads\/2016\/10\/LA_Jessica-e1475427459870-768x508.jpg 768w, http:\/\/archiv.tus-jahn-hilfarth.de\/wp-content\/uploads\/2016\/10\/LA_Jessica-e1475427459870-1024x677.jpg 1024w, http:\/\/archiv.tus-jahn-hilfarth.de\/wp-content\/uploads\/2016\/10\/LA_Jessica-e1475427459870.jpg 1192w\" sizes=\"(max-width: 300px) 100vw, 300px\" \/><\/a>Stephan erreichte\u00a0letzte Woche nach 3:23:54 und Jessica nach 3:58:42 die Ziellinie.<\/p>\n<p>In K\u00f6ln purzelten dann die Bestzeiten. Stefan unterlief seine bisherige Bestzeit in dieser Altersklasse um ca. 10 min und lief nach 3:29:03 durch das Ziel, wogegen Wolfgang bei 3:27:57 sogar seine Bestzeit aus der M55 ebenfalls um 10 min verbesserte.<\/p>\n<p><a href=\"http:\/\/tus-jahn-hilfarth.de\/index.php\/neues-von-unseren-marathonis\/la_wolle\/\" rel=\"attachment wp-att-8343\"><img loading=\"lazy\" class=\"size-medium wp-image-8343 alignleft\" src=\"http:\/\/tus-jahn-hilfarth.de\/wp-content\/uploads\/2016\/10\/LA_Wolle-169x300.jpg\" alt=\"la_wolle\" width=\"169\" height=\"300\" srcset=\"http:\/\/archiv.tus-jahn-hilfarth.de\/wp-content\/uploads\/2016\/10\/LA_Wolle-169x300.jpg 169w, http:\/\/archiv.tus-jahn-hilfarth.de\/wp-content\/uploads\/2016\/10\/LA_Wolle-768x1365.jpg 768w, http:\/\/archiv.tus-jahn-hilfarth.de\/wp-content\/uploads\/2016\/10\/LA_Wolle-576x1024.jpg 576w, http:\/\/archiv.tus-jahn-hilfarth.de\/wp-content\/uploads\/2016\/10\/LA_Wolle.jpg 900w\" sizes=\"(max-width: 169px) 100vw, 169px\" \/><\/a>Prima gemacht, alle vier!<\/p>\n<p>Und dann waren da noch unsere Sportler mit eigentlichem Schwerpunkt Fu\u00dfball. Auch Fu\u00dfballer k\u00f6nnen Langstrecke, jaha&#8230;..;-)<\/p>\n<p>Mit Stefan Darius, Tim Scholz, Mario Hettkamp und Dennis Winterberg gingen stadtbekannte Fu\u00dfballer in K\u00f6ln als Staffel an den Start. In gigantischen 3:09:41 kamen die vier durch das K\u00f6lner Ziel. Richtig top!!!<\/p>\n<p>Somit hat sich der TuS Jahn nicht nur als Verein im Mehrspartenbereich aufgestellt, sondern auch bei einzelnen Sportlern. Mal gucken, wann unsere Langstreckler in die Seniorenmannschaft aufr\u00fccken \ud83d\ude09<\/p>\n<p>&nbsp;<\/p>\n","protected":false},"excerpt":{"rendered":"<p>Die Zeit der Herbstmarathons hat begonnen. W\u00e4hrend letzte Woche in Berlin Jessica Mones-Rohloff und Stephan Wicht\u00a0im Trikot des TuS Jahn das Ziel hinter dem Brandenburger Tor erreichten, hatten heute Wolfgang Grates und Stefan B\u00fcrger den K\u00f6lner Dom \u00fcber 42 km im Visier. Stephan erreichte\u00a0letzte Woche nach 3:23:54 und Jessica nach 3:58:42 die Ziellinie. In K\u00f6ln [&hellip;]<\/p>\n","protected":false},"author":6,"featured_media":8342,"comment_status":"closed","ping_status":"closed","sticky":false,"template":"","format":"standard","meta":[],"categories":[39,60],"tags":[93,262,141,260,215,261,133,224],"wps_subtitle":"","_links":{"self":[{"href":"http:\/\/archiv.tus-jahn-hilfarth.de\/index.php\/wp-json\/wp\/v2\/posts\/8335"}],"collection":[{"href":"http:\/\/archiv.tus-jahn-hilfarth.de\/index.php\/wp-json\/wp\/v2\/posts"}],"about":[{"href":"http:\/\/archiv.tus-jahn-hilfarth.de\/index.php\/wp-json\/wp\/v2\/types\/post"}],"author":[{"embeddable":true,"href":"http:\/\/archiv.tus-jahn-hilfarth.de\/index.php\/wp-json\/wp\/v2\/users\/6"}],"replies":[{"embeddable":true,"href":"http:\/\/archiv.tus-jahn-hilfarth.de\/index.php\/wp-json\/wp\/v2\/comments?post=8335"}],"version-history":[{"count":5,"href":"http:\/\/archiv.tus-jahn-hilfarth.de\/index.php\/wp-json\/wp\/v2\/posts\/8335\/revisions"}],"predecessor-version":[{"id":8344,"href":"http:\/\/archiv.tus-jahn-hilfarth.de\/index.php\/wp-json\/wp\/v2\/posts\/8335\/revisions\/8344"}],"wp:featuredmedia":[{"embeddable":true,"href":"http:\/\/archiv.tus-jahn-hilfarth.de\/index.php\/wp-json\/wp\/v2\/media\/8342"}],"wp:attachment":[{"href":"http:\/\/archiv.tus-jahn-hilfarth.de\/index.php\/wp-json\/wp\/v2\/media?parent=8335"}],"wp:term":[{"taxonomy":"category","embeddable":true,"href":"http:\/\/archiv.tus-jahn-hilfarth.de\/index.php\/wp-json\/wp\/v2\/categories?post=8335"},{"taxonomy":"post_tag","embeddable":true,"href":"http:\/\/archiv.tus-jahn-hilfarth.de\/index.php\/wp-json\/wp\/v2\/tags?post=8335"}],"curies":[{"name":"wp","href":"https:\/\/api.w.org\/{rel}","templated":true}]}}