{"id":8523,"date":"2016-11-19T23:20:52","date_gmt":"2016-11-19T21:20:52","guid":{"rendered":"http:\/\/tus-jahn-hilfarth.de\/?p=8523"},"modified":"2016-11-20T23:21:21","modified_gmt":"2016-11-20T21:21:21","slug":"kinder-leichtathletik-in-der-halle","status":"publish","type":"post","link":"http:\/\/archiv.tus-jahn-hilfarth.de\/index.php\/kinder-leichtathletik-in-der-halle\/","title":{"rendered":"Kinder-Leichtathletik in der Schlee"},"content":{"rendered":"<p>Mit dem ersten Kinder-Leichtathletik-Wettkampf in der Halle seit vielen Jahren (TV Erkelenz richtete vor einigen Jahren die Premiere aus) im Kreis, schloss die Leichtathletik-Abteilung des TuS Jahn Hilfarth jetzt endg\u00fcltig die Saison ab. Eingeladen waren die U10, also alle Kinder unter 10 Jahren.<\/p>\n<p>Leider blieb das ganz gro\u00dfe Gewimmel aus, da viele Mannschaften aufgrund der langen Saison jetzt doch Federn lie\u00dfen, aber umso intensiver und spannender war der heutige Wettkampf f\u00fcr alle Beteiligten, insbesondere bei den Pl\u00e4tzen\u00a0zwei und drei.<\/p>\n<p>Aber von vorn.<\/p>\n<p>Nach intensiver Vorarbeit und Vorbereitung des Trainerteams Bettina, Jonas und Markus\u00a0ging los. Es wurde geklebt, gebaut, ger\u00fcckt. Die Cafeteria wurde in der Zwischenzeit von flei\u00dfigen H\u00e4nden aufgebaut.<\/p>\n<p>A<a href=\"http:\/\/tus-jahn-hilfarth.de\/index.php\/kinder-leichtathletik-in-der-halle\/mhp_2129\/\" rel=\"attachment wp-att-8527\"><img loading=\"lazy\" class=\"size-medium wp-image-8527 alignleft\" src=\"http:\/\/tus-jahn-hilfarth.de\/wp-content\/uploads\/2016\/11\/MHP_2129-300x200.jpg\" alt=\"mhp_2129\" width=\"300\" height=\"200\" srcset=\"http:\/\/archiv.tus-jahn-hilfarth.de\/wp-content\/uploads\/2016\/11\/MHP_2129-300x200.jpg 300w, http:\/\/archiv.tus-jahn-hilfarth.de\/wp-content\/uploads\/2016\/11\/MHP_2129-768x513.jpg 768w, http:\/\/archiv.tus-jahn-hilfarth.de\/wp-content\/uploads\/2016\/11\/MHP_2129-1024x683.jpg 1024w, http:\/\/archiv.tus-jahn-hilfarth.de\/wp-content\/uploads\/2016\/11\/MHP_2129-600x400.jpg 600w\" sizes=\"(max-width: 300px) 100vw, 300px\" \/><\/a>b 10 Uhr\u00a0wurden unsere G\u00e4ste dann empfangen.<\/p>\n<p>Leider schrumpften unsere zwei gemeldeten Mannschaften krankheitsbedingt auf eine zusammen, aber die anderen Mannschaften brachten sogar noch Verst\u00e4rkung mit. Von hier aus gute Besserung an Ben und Frederik!<\/p>\n<p>Unsere Mannschaft war mit Julia, Mila, Tom, Maya, Torben, Finn, Aileen aber sehr gut besetzt, Lia sa\u00df noch als Einsatzreserve auf der Bank.<\/p>\n<p>P\u00fcnktlich um 11 Uhr und ein paar Minuten \ud83d\ude09 wurde die untere die Haut gehende Einmarschmusik (Heart of Courage) von unserem Moderator Christoph eingespielt. Die Mannschaften von der DJK Wassenberg lief als erstes ein, gefolgt von der TV Erkelenz und dann von uns als Gastgeber.<\/p>\n<p>Di<a href=\"http:\/\/tus-jahn-hilfarth.de\/index.php\/kinder-leichtathletik-in-der-halle\/mhp_2491\/\" rel=\"attachment wp-att-8544\"><img loading=\"lazy\" class=\"alignright size-medium wp-image-8544\" src=\"http:\/\/tus-jahn-hilfarth.de\/wp-content\/uploads\/2016\/11\/MHP_2491-300x200.jpg\" alt=\"mhp_2491\" width=\"300\" height=\"200\" srcset=\"http:\/\/archiv.tus-jahn-hilfarth.de\/wp-content\/uploads\/2016\/11\/MHP_2491-300x200.jpg 300w, http:\/\/archiv.tus-jahn-hilfarth.de\/wp-content\/uploads\/2016\/11\/MHP_2491-768x513.jpg 768w, http:\/\/archiv.tus-jahn-hilfarth.de\/wp-content\/uploads\/2016\/11\/MHP_2491-1024x683.jpg 1024w, http:\/\/archiv.tus-jahn-hilfarth.de\/wp-content\/uploads\/2016\/11\/MHP_2491-600x400.jpg 600w\" sizes=\"(max-width: 300px) 100vw, 300px\" \/><\/a>e erste Disziplin war die Hindernisstaffel, die von der DJK Wassenberg gewonnen wurde, TV Erkelenz holte hier den 2. Platz. Unsere Mannschaft zeigte vollen Einsatz, ohne R\u00fccksicht auf Verluste;-)<\/p>\n<p>Danach ging es an die Kraft-Disziplin, dem Medizinballweitwurf. Da konnte noch mancher erwachserne Sportabzeichenabsolvent was bei lernen. Direkt einer der ersten W\u00fcrfe der DJK knackte unsere vorbereiteten Messbereiche. Es gab tolle Ergebnisse auch hier.<\/p>\n<p><a href=\"http:\/\/tus-jahn-hilfarth.de\/index.php\/kinder-leichtathletik-in-der-halle\/mhp_2441\/\" rel=\"attachment wp-att-8542\"><img loading=\"lazy\" class=\"size-medium wp-image-8542 alignleft\" src=\"http:\/\/tus-jahn-hilfarth.de\/wp-content\/uploads\/2016\/11\/MHP_2441-300x200.jpg\" alt=\"mhp_2441\" width=\"300\" height=\"200\" srcset=\"http:\/\/archiv.tus-jahn-hilfarth.de\/wp-content\/uploads\/2016\/11\/MHP_2441-300x200.jpg 300w, http:\/\/archiv.tus-jahn-hilfarth.de\/wp-content\/uploads\/2016\/11\/MHP_2441-768x513.jpg 768w, http:\/\/archiv.tus-jahn-hilfarth.de\/wp-content\/uploads\/2016\/11\/MHP_2441-1024x683.jpg 1024w, http:\/\/archiv.tus-jahn-hilfarth.de\/wp-content\/uploads\/2016\/11\/MHP_2441-600x400.jpg 600w\" sizes=\"(max-width: 300px) 100vw, 300px\" \/><\/a>Danach gab es die Disziplin mit vielen Publikumsr\u00fcckmeldungen. Der Hoch-Weit-Sprung. Hier mussten die Kinder mit einem Bein abspringen und \u00fcber eine Hochsprung \u00e4hnlich Stange springen. Auch hier konnte der Team-Kapit\u00e4n der DJK mit \u00fcber 1,10 m das beste Ergebnis einfahren. Man muss diese H\u00f6he mal ins Verh\u00e4ltnis zur Gr\u00f6\u00dfe eines 9 J\u00e4hrigen sehen. Puh&#8230;.<\/p>\n<p>Aber auch bei uns gab es starke Ergebnisse. Julia (95 cm), Finn (90 cm)\u00a0und Tom (85 cm) fegten hoch \u00fcber die Stange bevor sie sich der H\u00f6he beugen mussten.<\/p>\n<p><a href=\"http:\/\/tus-jahn-hilfarth.de\/index.php\/kinder-leichtathletik-in-der-halle\/mhp_2515\/\" rel=\"attachment wp-att-8545\"><img loading=\"lazy\" class=\"alignright size-medium wp-image-8545\" src=\"http:\/\/tus-jahn-hilfarth.de\/wp-content\/uploads\/2016\/11\/MHP_2515-300x200.jpg\" alt=\"mhp_2515\" width=\"300\" height=\"200\" srcset=\"http:\/\/archiv.tus-jahn-hilfarth.de\/wp-content\/uploads\/2016\/11\/MHP_2515-300x200.jpg 300w, http:\/\/archiv.tus-jahn-hilfarth.de\/wp-content\/uploads\/2016\/11\/MHP_2515-768x513.jpg 768w, http:\/\/archiv.tus-jahn-hilfarth.de\/wp-content\/uploads\/2016\/11\/MHP_2515-1024x683.jpg 1024w, http:\/\/archiv.tus-jahn-hilfarth.de\/wp-content\/uploads\/2016\/11\/MHP_2515-600x400.jpg 600w\" sizes=\"(max-width: 300px) 100vw, 300px\" \/><\/a>Zum Abschluss gab es dann den Hallenparcours. Hier hie\u00df es, die f\u00fcr die KiLa ber\u00fchmten Bananenkisten zu \u00fcberspringen, unter einem gr\u00f6\u00dferen Hindernis durch zu krabbeln und dann den gro\u00dfen Mattenparcours zu \u00fcberbr\u00fccken. Hier wurde es nochmal richtig spannend. Die Zuschauer gaben noch mal alles, um ihre Mannschaften anzufeuern. Das brachte der DJK wiederum den Sieg und der TuS Jahn konnte unter dem Mattenhindernis ganz knapp den zweiten Platz &#8220;erkrabbeln&#8221;.<\/p>\n<p><a href=\"http:\/\/tus-jahn-hilfarth.de\/index.php\/kinder-leichtathletik-in-der-halle\/20161119_131354\/\" rel=\"attachment wp-att-8572\"><img loading=\"lazy\" class=\" wp-image-8572 alignleft\" src=\"http:\/\/tus-jahn-hilfarth.de\/wp-content\/uploads\/2016\/11\/20161119_131354-300x169.jpg\" alt=\"20161119_131354\" width=\"343\" height=\"193\" srcset=\"http:\/\/archiv.tus-jahn-hilfarth.de\/wp-content\/uploads\/2016\/11\/20161119_131354-300x169.jpg 300w, http:\/\/archiv.tus-jahn-hilfarth.de\/wp-content\/uploads\/2016\/11\/20161119_131354-768x432.jpg 768w, http:\/\/archiv.tus-jahn-hilfarth.de\/wp-content\/uploads\/2016\/11\/20161119_131354-1024x576.jpg 1024w\" sizes=\"(max-width: 343px) 100vw, 343px\" \/><\/a>Das machte dann in Summe einen klaren Gesamtsieg f\u00fcr die DJK Wassenberg, danach mit einem Punkt Vorsprung f\u00fcr unsere Jahner vor Erkelenz.<\/p>\n<p>Aber alle Kinder haben heute alles gegeben und konnten sich bei der Siegerehrung noch einen Smiley aussuchen.<\/p>\n<p>Die Siegermannschaft bekam einen in TuS Jahn Farben gefleckten &#8220;Gro\u00dfen Onkel&#8221;, dem Pferd von Pippi\u00a0 Langstrumpf.<\/p>\n<p>Aber es gab dann doch noch einen Sieg f\u00fcr unsere Mannschaft. Im Laufe des Jahres war der KiLa-Liga-Cup ausgetragen worden. Diese Idee, vom Jugendausschuss in unserem Kreis, insbesondere von Markus aufgebracht und voran getrieben, wurde dieses Jahr das erste mal durchgef\u00fchrt.<\/p>\n<p>\u00dcber das\u00a0Jahr wurde meist w\u00e4hrend des Trainings alle Mannschaften in Zweierduellen gegeneinander angetreten und Punkte gesammelt. Hier konnte die Kindermannschaft des TuS Jahn \u00fcberzeugen.<\/p>\n<p>Somit bekam die Truppe heute vom Jugendausschuss, in Person Anja, Melanie, Markus\u00a0und Jonas\u00a0den Wanderpokal \u00fcberreicht, den es n\u00e4chstes Jahr zu verteidigen gilt.<\/p>\n<p><a href=\"http:\/\/tus-jahn-hilfarth.de\/index.php\/kinder-leichtathletik-in-der-halle\/20161119_125641\/\" rel=\"attachment wp-att-8558\"><img loading=\"lazy\" class=\"size-medium wp-image-8558 alignleft\" src=\"http:\/\/tus-jahn-hilfarth.de\/wp-content\/uploads\/2016\/11\/20161119_125641-300x169.jpg\" alt=\"20161119_125641\" width=\"300\" height=\"169\" srcset=\"http:\/\/archiv.tus-jahn-hilfarth.de\/wp-content\/uploads\/2016\/11\/20161119_125641-300x169.jpg 300w, http:\/\/archiv.tus-jahn-hilfarth.de\/wp-content\/uploads\/2016\/11\/20161119_125641-768x432.jpg 768w, http:\/\/archiv.tus-jahn-hilfarth.de\/wp-content\/uploads\/2016\/11\/20161119_125641-1024x576.jpg 1024w\" sizes=\"(max-width: 300px) 100vw, 300px\" \/><\/a><\/p>\n<p>Euch herzlichen Gl\u00fcckwunsch zu einer tollen Saison.<\/p>\n<p>Einen herzlichen Dank an Christel Rhyssen (ETV), die uns bei der Hallenlogistik und beim Einrichten geholfen hat und an Martin Hopfenbach, der uns hier viele Fotos bereit gestellt hat.<\/p>\n<p>Auch sehr bemerkenswert, dass die U14 als Helfer und Helferinnen hier zur Verf\u00fcgung standen. Dank an Euch alle, dass Ihr Euch hier eingebracht habt.<\/p>\n<p>Auch vielen Dank an die Kuchenb\u00e4cker und Helfer, die geholfen haben, den Wettkampf mit der TuS Jahn \u00fcblichen Gastfreundschaft zu begleiten. Um 14 Uhr war dann die Halle auch schnell wieder aufger\u00e4umt und gegen 15 Uhr waren alle Materialien wieder da, wo sie hingeh\u00f6ren.<\/p>\n<div id='gallery-1' class='gallery galleryid-8523 gallery-columns-3 gallery-size-medium'><figure class='gallery-item'>\n\t\t\t<div class='gallery-icon landscape'>\n\t\t\t\t<a title=\"20161119_124204\" href='http:\/\/archiv.tus-jahn-hilfarth.de\/index.php\/kinder-leichtathletik-in-der-halle\/20161119_124204\/'><img width=\"300\" height=\"169\" src=\"http:\/\/archiv.tus-jahn-hilfarth.de\/wp-content\/uploads\/2016\/11\/20161119_124204-300x169.jpg\" class=\"attachment-medium size-medium\" alt=\"\" loading=\"lazy\" srcset=\"http:\/\/archiv.tus-jahn-hilfarth.de\/wp-content\/uploads\/2016\/11\/20161119_124204-300x169.jpg 300w, http:\/\/archiv.tus-jahn-hilfarth.de\/wp-content\/uploads\/2016\/11\/20161119_124204-768x432.jpg 768w, http:\/\/archiv.tus-jahn-hilfarth.de\/wp-content\/uploads\/2016\/11\/20161119_124204-1024x576.jpg 1024w\" sizes=\"(max-width: 300px) 100vw, 300px\" \/><\/a>\n\t\t\t<\/div><\/figure><figure class='gallery-item'>\n\t\t\t<div class='gallery-icon landscape'>\n\t\t\t\t<a title=\"20161119_124023\" href='http:\/\/archiv.tus-jahn-hilfarth.de\/index.php\/kinder-leichtathletik-in-der-halle\/20161119_124023\/'><img width=\"300\" height=\"169\" src=\"http:\/\/archiv.tus-jahn-hilfarth.de\/wp-content\/uploads\/2016\/11\/20161119_124023-300x169.jpg\" class=\"attachment-medium size-medium\" alt=\"\" loading=\"lazy\" srcset=\"http:\/\/archiv.tus-jahn-hilfarth.de\/wp-content\/uploads\/2016\/11\/20161119_124023-300x169.jpg 300w, http:\/\/archiv.tus-jahn-hilfarth.de\/wp-content\/uploads\/2016\/11\/20161119_124023-768x432.jpg 768w, http:\/\/archiv.tus-jahn-hilfarth.de\/wp-content\/uploads\/2016\/11\/20161119_124023-1024x576.jpg 1024w\" sizes=\"(max-width: 300px) 100vw, 300px\" \/><\/a>\n\t\t\t<\/div><\/figure><figure class='gallery-item'>\n\t\t\t<div class='gallery-icon landscape'>\n\t\t\t\t<a title=\"20161119_124010\" href='http:\/\/archiv.tus-jahn-hilfarth.de\/index.php\/kinder-leichtathletik-in-der-halle\/20161119_124010\/'><img width=\"300\" height=\"169\" src=\"http:\/\/archiv.tus-jahn-hilfarth.de\/wp-content\/uploads\/2016\/11\/20161119_124010-300x169.jpg\" class=\"attachment-medium size-medium\" alt=\"\" loading=\"lazy\" srcset=\"http:\/\/archiv.tus-jahn-hilfarth.de\/wp-content\/uploads\/2016\/11\/20161119_124010-300x169.jpg 300w, http:\/\/archiv.tus-jahn-hilfarth.de\/wp-content\/uploads\/2016\/11\/20161119_124010-768x432.jpg 768w, http:\/\/archiv.tus-jahn-hilfarth.de\/wp-content\/uploads\/2016\/11\/20161119_124010-1024x576.jpg 1024w\" sizes=\"(max-width: 300px) 100vw, 300px\" \/><\/a>\n\t\t\t<\/div><\/figure><figure class='gallery-item'>\n\t\t\t<div class='gallery-icon landscape'>\n\t\t\t\t<a title=\"mhp_2573\" href='http:\/\/archiv.tus-jahn-hilfarth.de\/index.php\/kinder-leichtathletik-in-der-halle\/mhp_2573\/'><img width=\"300\" height=\"200\" src=\"http:\/\/archiv.tus-jahn-hilfarth.de\/wp-content\/uploads\/2016\/11\/MHP_2573-300x200.jpg\" class=\"attachment-medium size-medium\" alt=\"\" loading=\"lazy\" srcset=\"http:\/\/archiv.tus-jahn-hilfarth.de\/wp-content\/uploads\/2016\/11\/MHP_2573-300x200.jpg 300w, http:\/\/archiv.tus-jahn-hilfarth.de\/wp-content\/uploads\/2016\/11\/MHP_2573-768x513.jpg 768w, http:\/\/archiv.tus-jahn-hilfarth.de\/wp-content\/uploads\/2016\/11\/MHP_2573-1024x683.jpg 1024w, http:\/\/archiv.tus-jahn-hilfarth.de\/wp-content\/uploads\/2016\/11\/MHP_2573-600x400.jpg 600w\" sizes=\"(max-width: 300px) 100vw, 300px\" \/><\/a>\n\t\t\t<\/div><\/figure><figure class='gallery-item'>\n\t\t\t<div class='gallery-icon landscape'>\n\t\t\t\t<a title=\"mhp_2515\" href='http:\/\/archiv.tus-jahn-hilfarth.de\/index.php\/kinder-leichtathletik-in-der-halle\/mhp_2515\/'><img width=\"300\" height=\"200\" src=\"http:\/\/archiv.tus-jahn-hilfarth.de\/wp-content\/uploads\/2016\/11\/MHP_2515-300x200.jpg\" class=\"attachment-medium size-medium\" alt=\"\" loading=\"lazy\" srcset=\"http:\/\/archiv.tus-jahn-hilfarth.de\/wp-content\/uploads\/2016\/11\/MHP_2515-300x200.jpg 300w, http:\/\/archiv.tus-jahn-hilfarth.de\/wp-content\/uploads\/2016\/11\/MHP_2515-768x513.jpg 768w, http:\/\/archiv.tus-jahn-hilfarth.de\/wp-content\/uploads\/2016\/11\/MHP_2515-1024x683.jpg 1024w, http:\/\/archiv.tus-jahn-hilfarth.de\/wp-content\/uploads\/2016\/11\/MHP_2515-600x400.jpg 600w\" sizes=\"(max-width: 300px) 100vw, 300px\" \/><\/a>\n\t\t\t<\/div><\/figure><figure class='gallery-item'>\n\t\t\t<div class='gallery-icon landscape'>\n\t\t\t\t<a title=\"mhp_2491\" href='http:\/\/archiv.tus-jahn-hilfarth.de\/index.php\/kinder-leichtathletik-in-der-halle\/mhp_2491\/'><img width=\"300\" height=\"200\" src=\"http:\/\/archiv.tus-jahn-hilfarth.de\/wp-content\/uploads\/2016\/11\/MHP_2491-300x200.jpg\" class=\"attachment-medium size-medium\" alt=\"\" loading=\"lazy\" srcset=\"http:\/\/archiv.tus-jahn-hilfarth.de\/wp-content\/uploads\/2016\/11\/MHP_2491-300x200.jpg 300w, http:\/\/archiv.tus-jahn-hilfarth.de\/wp-content\/uploads\/2016\/11\/MHP_2491-768x513.jpg 768w, http:\/\/archiv.tus-jahn-hilfarth.de\/wp-content\/uploads\/2016\/11\/MHP_2491-1024x683.jpg 1024w, http:\/\/archiv.tus-jahn-hilfarth.de\/wp-content\/uploads\/2016\/11\/MHP_2491-600x400.jpg 600w\" sizes=\"(max-width: 300px) 100vw, 300px\" \/><\/a>\n\t\t\t<\/div><\/figure><figure class='gallery-item'>\n\t\t\t<div class='gallery-icon landscape'>\n\t\t\t\t<a title=\"mhp_2442\" href='http:\/\/archiv.tus-jahn-hilfarth.de\/index.php\/kinder-leichtathletik-in-der-halle\/mhp_2442\/'><img width=\"300\" height=\"200\" src=\"http:\/\/archiv.tus-jahn-hilfarth.de\/wp-content\/uploads\/2016\/11\/MHP_2442-300x200.jpg\" class=\"attachment-medium size-medium\" alt=\"\" loading=\"lazy\" srcset=\"http:\/\/archiv.tus-jahn-hilfarth.de\/wp-content\/uploads\/2016\/11\/MHP_2442-300x200.jpg 300w, http:\/\/archiv.tus-jahn-hilfarth.de\/wp-content\/uploads\/2016\/11\/MHP_2442-768x513.jpg 768w, http:\/\/archiv.tus-jahn-hilfarth.de\/wp-content\/uploads\/2016\/11\/MHP_2442-1024x683.jpg 1024w, http:\/\/archiv.tus-jahn-hilfarth.de\/wp-content\/uploads\/2016\/11\/MHP_2442-600x400.jpg 600w\" sizes=\"(max-width: 300px) 100vw, 300px\" \/><\/a>\n\t\t\t<\/div><\/figure><figure class='gallery-item'>\n\t\t\t<div class='gallery-icon landscape'>\n\t\t\t\t<a title=\"mhp_2441\" href='http:\/\/archiv.tus-jahn-hilfarth.de\/index.php\/kinder-leichtathletik-in-der-halle\/mhp_2441\/'><img width=\"300\" height=\"200\" src=\"http:\/\/archiv.tus-jahn-hilfarth.de\/wp-content\/uploads\/2016\/11\/MHP_2441-300x200.jpg\" class=\"attachment-medium size-medium\" alt=\"\" loading=\"lazy\" srcset=\"http:\/\/archiv.tus-jahn-hilfarth.de\/wp-content\/uploads\/2016\/11\/MHP_2441-300x200.jpg 300w, http:\/\/archiv.tus-jahn-hilfarth.de\/wp-content\/uploads\/2016\/11\/MHP_2441-768x513.jpg 768w, http:\/\/archiv.tus-jahn-hilfarth.de\/wp-content\/uploads\/2016\/11\/MHP_2441-1024x683.jpg 1024w, http:\/\/archiv.tus-jahn-hilfarth.de\/wp-content\/uploads\/2016\/11\/MHP_2441-600x400.jpg 600w\" sizes=\"(max-width: 300px) 100vw, 300px\" \/><\/a>\n\t\t\t<\/div><\/figure><figure class='gallery-item'>\n\t\t\t<div class='gallery-icon landscape'>\n\t\t\t\t<a title=\"mhp_2436\" href='http:\/\/archiv.tus-jahn-hilfarth.de\/index.php\/kinder-leichtathletik-in-der-halle\/mhp_2436\/'><img width=\"300\" height=\"200\" src=\"http:\/\/archiv.tus-jahn-hilfarth.de\/wp-content\/uploads\/2016\/11\/MHP_2436-300x200.jpg\" class=\"attachment-medium size-medium\" alt=\"\" loading=\"lazy\" srcset=\"http:\/\/archiv.tus-jahn-hilfarth.de\/wp-content\/uploads\/2016\/11\/MHP_2436-300x200.jpg 300w, http:\/\/archiv.tus-jahn-hilfarth.de\/wp-content\/uploads\/2016\/11\/MHP_2436-768x513.jpg 768w, http:\/\/archiv.tus-jahn-hilfarth.de\/wp-content\/uploads\/2016\/11\/MHP_2436-1024x683.jpg 1024w, http:\/\/archiv.tus-jahn-hilfarth.de\/wp-content\/uploads\/2016\/11\/MHP_2436-600x400.jpg 600w\" sizes=\"(max-width: 300px) 100vw, 300px\" \/><\/a>\n\t\t\t<\/div><\/figure><figure class='gallery-item'>\n\t\t\t<div class='gallery-icon landscape'>\n\t\t\t\t<a title=\"mhp_2432\" href='http:\/\/archiv.tus-jahn-hilfarth.de\/index.php\/kinder-leichtathletik-in-der-halle\/mhp_2432\/'><img width=\"300\" height=\"200\" src=\"http:\/\/archiv.tus-jahn-hilfarth.de\/wp-content\/uploads\/2016\/11\/MHP_2432-300x200.jpg\" class=\"attachment-medium size-medium\" alt=\"\" loading=\"lazy\" srcset=\"http:\/\/archiv.tus-jahn-hilfarth.de\/wp-content\/uploads\/2016\/11\/MHP_2432-300x200.jpg 300w, http:\/\/archiv.tus-jahn-hilfarth.de\/wp-content\/uploads\/2016\/11\/MHP_2432-768x513.jpg 768w, http:\/\/archiv.tus-jahn-hilfarth.de\/wp-content\/uploads\/2016\/11\/MHP_2432-1024x683.jpg 1024w, http:\/\/archiv.tus-jahn-hilfarth.de\/wp-content\/uploads\/2016\/11\/MHP_2432-600x400.jpg 600w\" sizes=\"(max-width: 300px) 100vw, 300px\" \/><\/a>\n\t\t\t<\/div><\/figure><figure class='gallery-item'>\n\t\t\t<div class='gallery-icon landscape'>\n\t\t\t\t<a title=\"mhp_2423\" href='http:\/\/archiv.tus-jahn-hilfarth.de\/index.php\/kinder-leichtathletik-in-der-halle\/mhp_2423\/'><img width=\"300\" height=\"200\" src=\"http:\/\/archiv.tus-jahn-hilfarth.de\/wp-content\/uploads\/2016\/11\/MHP_2423-300x200.jpg\" class=\"attachment-medium size-medium\" alt=\"\" loading=\"lazy\" srcset=\"http:\/\/archiv.tus-jahn-hilfarth.de\/wp-content\/uploads\/2016\/11\/MHP_2423-300x200.jpg 300w, http:\/\/archiv.tus-jahn-hilfarth.de\/wp-content\/uploads\/2016\/11\/MHP_2423-768x513.jpg 768w, http:\/\/archiv.tus-jahn-hilfarth.de\/wp-content\/uploads\/2016\/11\/MHP_2423-1024x683.jpg 1024w, http:\/\/archiv.tus-jahn-hilfarth.de\/wp-content\/uploads\/2016\/11\/MHP_2423-600x400.jpg 600w\" sizes=\"(max-width: 300px) 100vw, 300px\" \/><\/a>\n\t\t\t<\/div><\/figure><figure class='gallery-item'>\n\t\t\t<div class='gallery-icon landscape'>\n\t\t\t\t<a title=\"mhp_2417\" href='http:\/\/archiv.tus-jahn-hilfarth.de\/index.php\/kinder-leichtathletik-in-der-halle\/mhp_2417\/'><img width=\"300\" height=\"200\" src=\"http:\/\/archiv.tus-jahn-hilfarth.de\/wp-content\/uploads\/2016\/11\/MHP_2417-300x200.jpg\" class=\"attachment-medium size-medium\" alt=\"\" loading=\"lazy\" srcset=\"http:\/\/archiv.tus-jahn-hilfarth.de\/wp-content\/uploads\/2016\/11\/MHP_2417-300x200.jpg 300w, http:\/\/archiv.tus-jahn-hilfarth.de\/wp-content\/uploads\/2016\/11\/MHP_2417-768x513.jpg 768w, http:\/\/archiv.tus-jahn-hilfarth.de\/wp-content\/uploads\/2016\/11\/MHP_2417-1024x683.jpg 1024w, http:\/\/archiv.tus-jahn-hilfarth.de\/wp-content\/uploads\/2016\/11\/MHP_2417-600x400.jpg 600w\" sizes=\"(max-width: 300px) 100vw, 300px\" \/><\/a>\n\t\t\t<\/div><\/figure><figure class='gallery-item'>\n\t\t\t<div class='gallery-icon landscape'>\n\t\t\t\t<a title=\"mhp_2416\" href='http:\/\/archiv.tus-jahn-hilfarth.de\/index.php\/kinder-leichtathletik-in-der-halle\/mhp_2416\/'><img width=\"300\" height=\"200\" src=\"http:\/\/archiv.tus-jahn-hilfarth.de\/wp-content\/uploads\/2016\/11\/MHP_2416-300x200.jpg\" class=\"attachment-medium size-medium\" alt=\"\" loading=\"lazy\" srcset=\"http:\/\/archiv.tus-jahn-hilfarth.de\/wp-content\/uploads\/2016\/11\/MHP_2416-300x200.jpg 300w, http:\/\/archiv.tus-jahn-hilfarth.de\/wp-content\/uploads\/2016\/11\/MHP_2416-768x513.jpg 768w, http:\/\/archiv.tus-jahn-hilfarth.de\/wp-content\/uploads\/2016\/11\/MHP_2416-1024x683.jpg 1024w, http:\/\/archiv.tus-jahn-hilfarth.de\/wp-content\/uploads\/2016\/11\/MHP_2416-600x400.jpg 600w\" sizes=\"(max-width: 300px) 100vw, 300px\" \/><\/a>\n\t\t\t<\/div><\/figure><figure class='gallery-item'>\n\t\t\t<div class='gallery-icon landscape'>\n\t\t\t\t<a title=\"mhp_2414\" href='http:\/\/archiv.tus-jahn-hilfarth.de\/index.php\/kinder-leichtathletik-in-der-halle\/mhp_2414\/'><img width=\"300\" height=\"200\" src=\"http:\/\/archiv.tus-jahn-hilfarth.de\/wp-content\/uploads\/2016\/11\/MHP_2414-300x200.jpg\" class=\"attachment-medium size-medium\" alt=\"\" loading=\"lazy\" srcset=\"http:\/\/archiv.tus-jahn-hilfarth.de\/wp-content\/uploads\/2016\/11\/MHP_2414-300x200.jpg 300w, http:\/\/archiv.tus-jahn-hilfarth.de\/wp-content\/uploads\/2016\/11\/MHP_2414-768x513.jpg 768w, http:\/\/archiv.tus-jahn-hilfarth.de\/wp-content\/uploads\/2016\/11\/MHP_2414-1024x683.jpg 1024w, http:\/\/archiv.tus-jahn-hilfarth.de\/wp-content\/uploads\/2016\/11\/MHP_2414-600x400.jpg 600w\" sizes=\"(max-width: 300px) 100vw, 300px\" \/><\/a>\n\t\t\t<\/div><\/figure><figure class='gallery-item'>\n\t\t\t<div class='gallery-icon landscape'>\n\t\t\t\t<a title=\"mhp_2324\" href='http:\/\/archiv.tus-jahn-hilfarth.de\/index.php\/kinder-leichtathletik-in-der-halle\/mhp_2324\/'><img width=\"300\" height=\"200\" src=\"http:\/\/archiv.tus-jahn-hilfarth.de\/wp-content\/uploads\/2016\/11\/MHP_2324-300x200.jpg\" class=\"attachment-medium size-medium\" alt=\"\" loading=\"lazy\" srcset=\"http:\/\/archiv.tus-jahn-hilfarth.de\/wp-content\/uploads\/2016\/11\/MHP_2324-300x200.jpg 300w, http:\/\/archiv.tus-jahn-hilfarth.de\/wp-content\/uploads\/2016\/11\/MHP_2324-768x513.jpg 768w, http:\/\/archiv.tus-jahn-hilfarth.de\/wp-content\/uploads\/2016\/11\/MHP_2324-1024x683.jpg 1024w, http:\/\/archiv.tus-jahn-hilfarth.de\/wp-content\/uploads\/2016\/11\/MHP_2324-600x400.jpg 600w\" sizes=\"(max-width: 300px) 100vw, 300px\" \/><\/a>\n\t\t\t<\/div><\/figure><figure class='gallery-item'>\n\t\t\t<div class='gallery-icon landscape'>\n\t\t\t\t<a title=\"mhp_2309\" href='http:\/\/archiv.tus-jahn-hilfarth.de\/index.php\/kinder-leichtathletik-in-der-halle\/mhp_2309\/'><img width=\"300\" height=\"200\" src=\"http:\/\/archiv.tus-jahn-hilfarth.de\/wp-content\/uploads\/2016\/11\/MHP_2309-300x200.jpg\" class=\"attachment-medium size-medium\" alt=\"\" loading=\"lazy\" srcset=\"http:\/\/archiv.tus-jahn-hilfarth.de\/wp-content\/uploads\/2016\/11\/MHP_2309-300x200.jpg 300w, http:\/\/archiv.tus-jahn-hilfarth.de\/wp-content\/uploads\/2016\/11\/MHP_2309-768x513.jpg 768w, http:\/\/archiv.tus-jahn-hilfarth.de\/wp-content\/uploads\/2016\/11\/MHP_2309-1024x683.jpg 1024w, http:\/\/archiv.tus-jahn-hilfarth.de\/wp-content\/uploads\/2016\/11\/MHP_2309-600x400.jpg 600w\" sizes=\"(max-width: 300px) 100vw, 300px\" \/><\/a>\n\t\t\t<\/div><\/figure><figure class='gallery-item'>\n\t\t\t<div class='gallery-icon landscape'>\n\t\t\t\t<a title=\"mhp_2146\" href='http:\/\/archiv.tus-jahn-hilfarth.de\/index.php\/kinder-leichtathletik-in-der-halle\/mhp_2146\/'><img width=\"300\" height=\"200\" src=\"http:\/\/archiv.tus-jahn-hilfarth.de\/wp-content\/uploads\/2016\/11\/MHP_2146-300x200.jpg\" class=\"attachment-medium size-medium\" alt=\"\" loading=\"lazy\" srcset=\"http:\/\/archiv.tus-jahn-hilfarth.de\/wp-content\/uploads\/2016\/11\/MHP_2146-300x200.jpg 300w, http:\/\/archiv.tus-jahn-hilfarth.de\/wp-content\/uploads\/2016\/11\/MHP_2146-768x513.jpg 768w, http:\/\/archiv.tus-jahn-hilfarth.de\/wp-content\/uploads\/2016\/11\/MHP_2146-1024x683.jpg 1024w, http:\/\/archiv.tus-jahn-hilfarth.de\/wp-content\/uploads\/2016\/11\/MHP_2146-600x400.jpg 600w\" sizes=\"(max-width: 300px) 100vw, 300px\" \/><\/a>\n\t\t\t<\/div><\/figure><figure class='gallery-item'>\n\t\t\t<div class='gallery-icon landscape'>\n\t\t\t\t<a title=\"mhp_2143\" href='http:\/\/archiv.tus-jahn-hilfarth.de\/index.php\/kinder-leichtathletik-in-der-halle\/mhp_2143\/'><img width=\"300\" height=\"200\" src=\"http:\/\/archiv.tus-jahn-hilfarth.de\/wp-content\/uploads\/2016\/11\/MHP_2143-300x200.jpg\" class=\"attachment-medium size-medium\" alt=\"\" loading=\"lazy\" srcset=\"http:\/\/archiv.tus-jahn-hilfarth.de\/wp-content\/uploads\/2016\/11\/MHP_2143-300x200.jpg 300w, http:\/\/archiv.tus-jahn-hilfarth.de\/wp-content\/uploads\/2016\/11\/MHP_2143-768x513.jpg 768w, http:\/\/archiv.tus-jahn-hilfarth.de\/wp-content\/uploads\/2016\/11\/MHP_2143-1024x683.jpg 1024w, http:\/\/archiv.tus-jahn-hilfarth.de\/wp-content\/uploads\/2016\/11\/MHP_2143-600x400.jpg 600w\" sizes=\"(max-width: 300px) 100vw, 300px\" \/><\/a>\n\t\t\t<\/div><\/figure><figure class='gallery-item'>\n\t\t\t<div class='gallery-icon landscape'>\n\t\t\t\t<a title=\"mhp_2141\" href='http:\/\/archiv.tus-jahn-hilfarth.de\/index.php\/kinder-leichtathletik-in-der-halle\/mhp_2141\/'><img width=\"300\" height=\"200\" src=\"http:\/\/archiv.tus-jahn-hilfarth.de\/wp-content\/uploads\/2016\/11\/MHP_2141-300x200.jpg\" class=\"attachment-medium size-medium\" alt=\"\" loading=\"lazy\" srcset=\"http:\/\/archiv.tus-jahn-hilfarth.de\/wp-content\/uploads\/2016\/11\/MHP_2141-300x200.jpg 300w, http:\/\/archiv.tus-jahn-hilfarth.de\/wp-content\/uploads\/2016\/11\/MHP_2141-768x513.jpg 768w, http:\/\/archiv.tus-jahn-hilfarth.de\/wp-content\/uploads\/2016\/11\/MHP_2141-1024x683.jpg 1024w, http:\/\/archiv.tus-jahn-hilfarth.de\/wp-content\/uploads\/2016\/11\/MHP_2141-600x400.jpg 600w\" sizes=\"(max-width: 300px) 100vw, 300px\" \/><\/a>\n\t\t\t<\/div><\/figure><figure class='gallery-item'>\n\t\t\t<div class='gallery-icon landscape'>\n\t\t\t\t<a title=\"mhp_2140\" href='http:\/\/archiv.tus-jahn-hilfarth.de\/index.php\/kinder-leichtathletik-in-der-halle\/mhp_2140\/'><img width=\"300\" height=\"200\" src=\"http:\/\/archiv.tus-jahn-hilfarth.de\/wp-content\/uploads\/2016\/11\/MHP_2140-300x200.jpg\" class=\"attachment-medium size-medium\" alt=\"\" loading=\"lazy\" srcset=\"http:\/\/archiv.tus-jahn-hilfarth.de\/wp-content\/uploads\/2016\/11\/MHP_2140-300x200.jpg 300w, http:\/\/archiv.tus-jahn-hilfarth.de\/wp-content\/uploads\/2016\/11\/MHP_2140-768x513.jpg 768w, http:\/\/archiv.tus-jahn-hilfarth.de\/wp-content\/uploads\/2016\/11\/MHP_2140-1024x683.jpg 1024w, http:\/\/archiv.tus-jahn-hilfarth.de\/wp-content\/uploads\/2016\/11\/MHP_2140-600x400.jpg 600w\" sizes=\"(max-width: 300px) 100vw, 300px\" \/><\/a>\n\t\t\t<\/div><\/figure><figure class='gallery-item'>\n\t\t\t<div class='gallery-icon landscape'>\n\t\t\t\t<a title=\"mhp_2136\" href='http:\/\/archiv.tus-jahn-hilfarth.de\/index.php\/kinder-leichtathletik-in-der-halle\/mhp_2136\/'><img width=\"300\" height=\"200\" src=\"http:\/\/archiv.tus-jahn-hilfarth.de\/wp-content\/uploads\/2016\/11\/MHP_2136-300x200.jpg\" class=\"attachment-medium size-medium\" alt=\"\" loading=\"lazy\" srcset=\"http:\/\/archiv.tus-jahn-hilfarth.de\/wp-content\/uploads\/2016\/11\/MHP_2136-300x200.jpg 300w, http:\/\/archiv.tus-jahn-hilfarth.de\/wp-content\/uploads\/2016\/11\/MHP_2136-768x513.jpg 768w, http:\/\/archiv.tus-jahn-hilfarth.de\/wp-content\/uploads\/2016\/11\/MHP_2136-1024x683.jpg 1024w, http:\/\/archiv.tus-jahn-hilfarth.de\/wp-content\/uploads\/2016\/11\/MHP_2136-600x400.jpg 600w\" sizes=\"(max-width: 300px) 100vw, 300px\" \/><\/a>\n\t\t\t<\/div><\/figure><figure class='gallery-item'>\n\t\t\t<div class='gallery-icon landscape'>\n\t\t\t\t<a title=\"mhp_2134\" href='http:\/\/archiv.tus-jahn-hilfarth.de\/index.php\/kinder-leichtathletik-in-der-halle\/mhp_2134\/'><img width=\"300\" height=\"200\" src=\"http:\/\/archiv.tus-jahn-hilfarth.de\/wp-content\/uploads\/2016\/11\/MHP_2134-300x200.jpg\" class=\"attachment-medium size-medium\" alt=\"\" loading=\"lazy\" srcset=\"http:\/\/archiv.tus-jahn-hilfarth.de\/wp-content\/uploads\/2016\/11\/MHP_2134-300x200.jpg 300w, http:\/\/archiv.tus-jahn-hilfarth.de\/wp-content\/uploads\/2016\/11\/MHP_2134-768x513.jpg 768w, http:\/\/archiv.tus-jahn-hilfarth.de\/wp-content\/uploads\/2016\/11\/MHP_2134-1024x683.jpg 1024w, http:\/\/archiv.tus-jahn-hilfarth.de\/wp-content\/uploads\/2016\/11\/MHP_2134-600x400.jpg 600w\" sizes=\"(max-width: 300px) 100vw, 300px\" \/><\/a>\n\t\t\t<\/div><\/figure>\n\t\t<\/div>\n\n<p><a href=\"https:\/\/www.dropbox.com\/sh\/ggp1kgzn8uut3ob\/AABijgWqYli7SLot7zuVTLHua?dl=0\">noch mehr Bilder hier<\/a>\u00a0 (Quelle: Martin Hopfenbach)<\/p>\n<p>&nbsp;<\/p>\n<p>&nbsp;<\/p>\n<p>&nbsp;<\/p>\n","protected":false},"excerpt":{"rendered":"<p>Mit dem ersten Kinder-Leichtathletik-Wettkampf in der Halle seit vielen Jahren (TV Erkelenz richtete vor einigen Jahren die Premiere aus) im Kreis, schloss die Leichtathletik-Abteilung des TuS Jahn Hilfarth jetzt endg\u00fcltig die Saison ab. Eingeladen waren die U10, also alle Kinder unter 10 Jahren. Leider blieb das ganz gro\u00dfe Gewimmel aus, da viele Mannschaften aufgrund der [&hellip;]<\/p>\n","protected":false},"author":6,"featured_media":8568,"comment_status":"closed","ping_status":"closed","sticky":false,"template":"","format":"standard","meta":[],"categories":[253,39,60],"tags":[252,257,134,204,241,240,256],"wps_subtitle":"KiLa U10 Halle","_links":{"self":[{"href":"http:\/\/archiv.tus-jahn-hilfarth.de\/index.php\/wp-json\/wp\/v2\/posts\/8523"}],"collection":[{"href":"http:\/\/archiv.tus-jahn-hilfarth.de\/index.php\/wp-json\/wp\/v2\/posts"}],"about":[{"href":"http:\/\/archiv.tus-jahn-hilfarth.de\/index.php\/wp-json\/wp\/v2\/types\/post"}],"author":[{"embeddable":true,"href":"http:\/\/archiv.tus-jahn-hilfarth.de\/index.php\/wp-json\/wp\/v2\/users\/6"}],"replies":[{"embeddable":true,"href":"http:\/\/archiv.tus-jahn-hilfarth.de\/index.php\/wp-json\/wp\/v2\/comments?post=8523"}],"version-history":[{"count":17,"href":"http:\/\/archiv.tus-jahn-hilfarth.de\/index.php\/wp-json\/wp\/v2\/posts\/8523\/revisions"}],"predecessor-version":[{"id":8586,"href":"http:\/\/archiv.tus-jahn-hilfarth.de\/index.php\/wp-json\/wp\/v2\/posts\/8523\/revisions\/8586"}],"wp:featuredmedia":[{"embeddable":true,"href":"http:\/\/archiv.tus-jahn-hilfarth.de\/index.php\/wp-json\/wp\/v2\/media\/8568"}],"wp:attachment":[{"href":"http:\/\/archiv.tus-jahn-hilfarth.de\/index.php\/wp-json\/wp\/v2\/media?parent=8523"}],"wp:term":[{"taxonomy":"category","embeddable":true,"href":"http:\/\/archiv.tus-jahn-hilfarth.de\/index.php\/wp-json\/wp\/v2\/categories?post=8523"},{"taxonomy":"post_tag","embeddable":true,"href":"http:\/\/archiv.tus-jahn-hilfarth.de\/index.php\/wp-json\/wp\/v2\/tags?post=8523"}],"curies":[{"name":"wp","href":"https:\/\/api.w.org\/{rel}","templated":true}]}}