{"id":8810,"date":"2017-01-21T14:55:24","date_gmt":"2017-01-21T13:55:24","guid":{"rendered":"http:\/\/tus-jahn-hilfarth.de\/?p=8810"},"modified":"2017-01-21T20:02:40","modified_gmt":"2017-01-21T19:02:40","slug":"wepstrom-lauf-muss-verlegt-werden","status":"publish","type":"post","link":"http:\/\/archiv.tus-jahn-hilfarth.de\/index.php\/wepstrom-lauf-muss-verlegt-werden\/","title":{"rendered":"wepStrom-Lauf muss verlegt werden"},"content":{"rendered":"<p>Der vorgesehene Termin f\u00fcr den wepStrom-Lauf muss leider verschoben werden. Die Bundesregierung hat leider ohne mit uns R\u00fccksprache zu halten (&lt;&#8211; Ironie), den Tag der Bundestagswahl auf den 24. September gelegt. Da unsere Aktivit\u00e4ten rund um und im\u00a0Rathaus stattfinden, k\u00f6nnen wir den Termin so, f\u00fcr uns nachvollziehbar, nicht halten. Zug\u00e4nge zu Wahlb\u00fcros und Ausz\u00e4hleinrichtungen sind frei zu halten.<\/p>\n<p>Aus Helfersicht sicherlich auch eine Entspannung, immerhin gibt es politisch engagierte Mitglieder, die dann an einem solchen Tag auch f\u00fcr Wahlb\u00fcroaktivit\u00e4ten verpflichtet sind.<\/p>\n<p>Ein neuer Termin ist in Abstimmung, zurzeit kl\u00e4ren wir die Bedingungen f\u00fcr den 8. Oktober. Aber abgeschlossen ist die Pr\u00fcfung noch nicht.<\/p>\n","protected":false},"excerpt":{"rendered":"<p>Der vorgesehene Termin f\u00fcr den wepStrom-Lauf muss leider verschoben werden. Die Bundesregierung hat leider ohne mit uns R\u00fccksprache zu halten (&lt;&#8211; Ironie), den Tag der Bundestagswahl auf den 24. September gelegt. Da unsere Aktivit\u00e4ten rund um und im\u00a0Rathaus stattfinden, k\u00f6nnen wir den Termin so, f\u00fcr uns nachvollziehbar, nicht halten. Zug\u00e4nge zu Wahlb\u00fcros und Ausz\u00e4hleinrichtungen sind [&hellip;]<\/p>\n","protected":false},"author":6,"featured_media":0,"comment_status":"closed","ping_status":"closed","sticky":false,"template":"","format":"standard","meta":[],"categories":[39,1],"tags":[],"wps_subtitle":"","_links":{"self":[{"href":"http:\/\/archiv.tus-jahn-hilfarth.de\/index.php\/wp-json\/wp\/v2\/posts\/8810"}],"collection":[{"href":"http:\/\/archiv.tus-jahn-hilfarth.de\/index.php\/wp-json\/wp\/v2\/posts"}],"about":[{"href":"http:\/\/archiv.tus-jahn-hilfarth.de\/index.php\/wp-json\/wp\/v2\/types\/post"}],"author":[{"embeddable":true,"href":"http:\/\/archiv.tus-jahn-hilfarth.de\/index.php\/wp-json\/wp\/v2\/users\/6"}],"replies":[{"embeddable":true,"href":"http:\/\/archiv.tus-jahn-hilfarth.de\/index.php\/wp-json\/wp\/v2\/comments?post=8810"}],"version-history":[{"count":1,"href":"http:\/\/archiv.tus-jahn-hilfarth.de\/index.php\/wp-json\/wp\/v2\/posts\/8810\/revisions"}],"predecessor-version":[{"id":8811,"href":"http:\/\/archiv.tus-jahn-hilfarth.de\/index.php\/wp-json\/wp\/v2\/posts\/8810\/revisions\/8811"}],"wp:attachment":[{"href":"http:\/\/archiv.tus-jahn-hilfarth.de\/index.php\/wp-json\/wp\/v2\/media?parent=8810"}],"wp:term":[{"taxonomy":"category","embeddable":true,"href":"http:\/\/archiv.tus-jahn-hilfarth.de\/index.php\/wp-json\/wp\/v2\/categories?post=8810"},{"taxonomy":"post_tag","embeddable":true,"href":"http:\/\/archiv.tus-jahn-hilfarth.de\/index.php\/wp-json\/wp\/v2\/tags?post=8810"}],"curies":[{"name":"wp","href":"https:\/\/api.w.org\/{rel}","templated":true}]}}