{"id":9210,"date":"2017-04-03T18:10:28","date_gmt":"2017-04-03T17:10:28","guid":{"rendered":"http:\/\/tus-jahn-hilfarth.de\/?p=9210"},"modified":"2017-04-04T22:03:23","modified_gmt":"2017-04-04T21:03:23","slug":"bahnsaison-fuer-die-kila-eroeffnet","status":"publish","type":"post","link":"http:\/\/archiv.tus-jahn-hilfarth.de\/index.php\/bahnsaison-fuer-die-kila-eroeffnet\/","title":{"rendered":"Bahnsaison f\u00fcr die KiLa er\u00f6ffnet"},"content":{"rendered":"<p><span lang=\"de\" style=\"margin: 0px; font-family: 'Times New Roman',serif;\"><span style=\"color: #000000;\">Es war der erste April und leider auch Aprilwetter,. Der SC Myhl lud zum allj\u00e4hrlichen <\/span><\/span><span lang=\"de\" style=\"margin: 0px; font-family: 'Times New Roman',serif;\"><span style=\"color: #000000;\">KiLa -Wettkampf nach Heinsberg ins Klevchen ein. Perfekt vorbereitet und toll organisert wurde der Wettkampf z\u00fcgig abgewickelt. Danke daf\u00fcr!<\/span><\/span><\/p>\n<p><span lang=\"de\" style=\"margin: 0px; font-family: 'Times New Roman',serif;\"><span style=\"color: #000000;\">Aber nichts desto trotz gingen wir an den Start, da hatten wir schon schlimmeres Wetter, erinnern wir uns nur an Schlafhorst im letzten Jahr beim KiLa -Cup.<\/span><\/span><\/p>\n<p><span lang=\"de\" style=\"margin: 0px; font-family: 'Times New Roman',serif;\"><span style=\"color: #000000;\">Anfangs waren zwar nur zwei Mannschaften gemeldet, doch konnten wir mit Hilfe von<\/span><span style=\"color: #000000;\">\u00a0 <\/span><span style=\"color: #000000;\">Rolfs Leichtathletik -AG der Ratheimer Michael-Ende-Grundschule dann auch noch eine dritte Mannschaft an den Start bringen.<\/span><\/span><\/p>\n<p><span lang=\"de\" style=\"margin: 0px; font-family: 'Times New Roman',serif;\"><span style=\"color: #000000;\">Mit einer U 8, einer U10 und unserer starken U12 konnte es losgehen.<\/span><\/span><\/p>\n<p><span lang=\"de\" style=\"margin: 0px; font-family: 'Times New Roman',serif;\"><span style=\"color: #000000;\">Da wir auch einige \u201e Neulinge&#8221; im Wettkampfgeschehen am Start hatten, war die Aufregung <\/span><\/span><span lang=\"de\" style=\"margin: 0px; font-family: 'Times New Roman',serif;\"><span style=\"color: #000000;\">im Vorfeld riesengro\u00df.<\/span><\/span><\/p>\n<p><span lang=\"de\" style=\"margin: 0px; font-family: 'Times New Roman',serif;\"><span style=\"color: #000000;\">Jeden einzelnen Wettkampf hier aufzuf\u00fchren w\u00fcrde den Rahmen sprengen, daher eine kurze<\/span><span style=\"color: #000000;\">\u00a0 <\/span><span style=\"color: #000000;\">Zusammenfassung.<\/span><\/span><\/p>\n<p><span lang=\"de\" style=\"margin: 0px; font-family: 'Times New Roman',serif;\"><span style=\"color: #000000;\">Fangen wir mit der U 8 an, unsere kleinsten sind gerade mal 6 Jahre alt.<\/span><span style=\"color: #000000;\">\u00a0 <\/span><\/span><\/p>\n<p><span lang=\"de\" style=\"margin: 0px; font-family: 'Times New Roman',serif;\"><span style=\"color: #000000;\">Auf dem Programm standen 30 m-Hindernis-Sprintstaffel, Einbeinh\u00fcpfer-Staffel, beidarmiges Sto\u00dfen und 30 m-Sprint .Hier bestand die Mannschaft aus Nele Schrod, Lia Hermanns und Nic Mirbach verst\u00e4rkt von zwei Kids der Michael Ende Schule, Moayed und Calina.<\/span><\/span><\/p>\n<p><span lang=\"de\" style=\"margin: 0px; font-family: 'Times New Roman',serif;\"><span style=\"color: #000000;\">Zuerst etwas unsicher, dann aber voller Tatendrang und viel Elan erreichten sie einen tollen <\/span><\/span><span lang=\"de\" style=\"margin: 0px; font-family: 'Times New Roman',serif;\"><span style=\"color: #000000;\">dritten Platz und durften auf dem Treppchen Platz nehmen.<\/span><\/span><\/p>\n<p><span lang=\"de\" style=\"margin: 0px; font-family: 'Times New Roman',serif;\"><span style=\"color: #000000;\">Bei der U10 gingen Aileen Winzen, Jamie Fuchs, Finn Lasse Schr\u00f6der und Manuel Girkens f\u00fcr TuS Jahn an den Start, f\u00fcr Manuel war es der erste Wettkampf. <\/span><\/span><span lang=\"de\" style=\"margin: 0px; font-family: 'Times New Roman',serif;\"><span style=\"color: #000000;\">Auch hier hatten wir Verst\u00e4rkung von Pia Rippel, Chris Kropach und Etienne Stasch aus der Leichtathletik -AG.<\/span><\/span><\/p>\n<p><span lang=\"de\" style=\"margin: 0px; font-family: 'Times New Roman',serif;\"><span style=\"color: #000000;\">Sie mussten sich bei<\/span><span style=\"color: #000000;\">\u00a0 <\/span><span style=\"color: #000000;\">Disziplinen wie 40 m-Hindernis-Sprintstaffel, Weitsprungstaffel, Drehwurf<\/span><span style=\"color: #000000;\">\u00a0 <\/span><span style=\"color: #000000;\">und Tandem-Team Biathlon<\/span><span style=\"color: #000000;\">\u00a0 <\/span><span style=\"color: #000000;\">beweisen. <\/span><\/span><span lang=\"de\" style=\"margin: 0px; font-family: 'Times New Roman',serif;\"><span style=\"color: #000000;\">Die Konkurrenz war stark und leider gibt es keine h\u00f6here Punktzahl, wenn man einen Kampfrichter mit dem Reifen einf\u00e4ngt. Aber es war\u00a0zumindest ein Versuch wert (Versuch von Finn). \ud83d\ude09<\/span><\/span><\/p>\n<p><span lang=\"de\" style=\"margin: 0px; font-family: 'Times New Roman',serif;\"><span style=\"color: #000000;\">Alle zeigten<\/span><span style=\"color: #000000;\">\u00a0 <\/span><span style=\"color: #000000;\">vollen Einsatz und<\/span><span style=\"color: #000000;\">\u00a0 <\/span><span style=\"color: #000000;\">auf einen f\u00fcnften Platz sind wir stolz, das Treppchen ist nicht weit.<\/span><\/span><\/p>\n<p><span lang=\"de\" style=\"margin: 0px; font-family: 'Times New Roman',serif;\"><span style=\"color: #000000;\">Dann die Titelverteidiger vom letzten Jahr, unsere<\/span><span style=\"color: #000000;\">\u00a0 <\/span><span style=\"color: #000000;\">U12.<\/span><\/span><\/p>\n<p><span lang=\"de\" style=\"margin: 0px; font-family: 'Times New Roman',serif;\"><span style=\"color: #000000;\">Vor dem Start mussten wir den Wanderpokal abgeben nat\u00fcrlich nur mit dem Ziel, ihn frisch poliert wieder mit nach Hause zunehmen.<\/span><\/span><\/p>\n<p><span lang=\"de\" style=\"margin: 0px; font-family: 'Times New Roman',serif;\"><span style=\"color: #000000;\">Hier gingen nur TuS Jahner an den Start: Alina Heizmann, Julia Meth, Mia Lewandrowski, Frederik Helf, Tom Mirbach, Timo Breuer, Torben Cleve, Ben Hermanns\u00a0und zum ersten mal Dragos Toma. <\/span><\/span><span lang=\"de\" style=\"margin: 0px; font-family: 'Times New Roman',serif;\"><span style=\"color: #000000;\">Sie mussten sogar f\u00fcnf Disziplinen absolvieren:<\/span><\/span><\/p>\n<p><span lang=\"de\" style=\"margin: 0px; font-family: 'Times New Roman',serif;\"><span style=\"color: #000000;\">6 x 50 m-Hindernis-Sprintstaffel, 50 m-Sprint, Stabweitsprung, Sto\u00dfen und Stadioncross.<\/span><\/span><\/p>\n<p><span lang=\"de\" style=\"margin: 0px; font-family: 'Times New Roman',serif;\"><span style=\"color: #000000;\">Mit 4 von 5 Disziplinsiegen und einem zweiten Platz war der erste Platz sicher und der Pokal <\/span><span style=\"color: #000000;\">\u00a0<\/span><span style=\"color: #000000;\">schnell wieder in \u201eHilfarther Hand\u201c.<\/span><\/span><\/p>\n<p><span lang=\"de\" style=\"margin: 0px; font-family: 'Times New Roman',serif;\"><span style=\"color: #000000;\">Mit so tollen Platzierungen k\u00f6nnen wir uns auf eine aufregende Saison freuen.<\/span><\/span><\/p>\n<div id='gallery-1' class='gallery galleryid-9210 gallery-columns-3 gallery-size-thumbnail'><figure class='gallery-item'>\n\t\t\t<div class='gallery-icon landscape'>\n\t\t\t\t<a title=\"20170401_142929_1491237047079_resized\" href='http:\/\/archiv.tus-jahn-hilfarth.de\/20170401_142929_1491237047079_resized\/'><img width=\"150\" height=\"150\" src=\"http:\/\/archiv.tus-jahn-hilfarth.de\/wp-content\/uploads\/2017\/04\/20170401_142929_1491237047079_resized-150x150.jpg\" class=\"attachment-thumbnail size-thumbnail\" alt=\"\" loading=\"lazy\" \/><\/a>\n\t\t\t<\/div><\/figure><figure class='gallery-item'>\n\t\t\t<div class='gallery-icon landscape'>\n\t\t\t\t<a title=\"20170401_143503_1491236983164_resized\" href='http:\/\/archiv.tus-jahn-hilfarth.de\/20170401_143503_1491236983164_resized\/'><img width=\"150\" height=\"150\" src=\"http:\/\/archiv.tus-jahn-hilfarth.de\/wp-content\/uploads\/2017\/04\/20170401_143503_1491236983164_resized-150x150.jpg\" class=\"attachment-thumbnail size-thumbnail\" alt=\"\" loading=\"lazy\" \/><\/a>\n\t\t\t<\/div><\/figure><figure class='gallery-item'>\n\t\t\t<div class='gallery-icon landscape'>\n\t\t\t\t<a title=\"20170401_142932_1491237050217_resized\" href='http:\/\/archiv.tus-jahn-hilfarth.de\/20170401_142932_1491237050217_resized\/'><img width=\"150\" height=\"150\" src=\"http:\/\/archiv.tus-jahn-hilfarth.de\/wp-content\/uploads\/2017\/04\/20170401_142932_1491237050217_resized-150x150.jpg\" class=\"attachment-thumbnail size-thumbnail\" alt=\"\" loading=\"lazy\" \/><\/a>\n\t\t\t<\/div><\/figure><figure class='gallery-item'>\n\t\t\t<div class='gallery-icon landscape'>\n\t\t\t\t<a title=\"20170401_142310_1491237044308_resized\" href='http:\/\/archiv.tus-jahn-hilfarth.de\/20170401_142310_1491237044308_resized\/'><img width=\"150\" height=\"150\" src=\"http:\/\/archiv.tus-jahn-hilfarth.de\/wp-content\/uploads\/2017\/04\/20170401_142310_1491237044308_resized-150x150.jpg\" class=\"attachment-thumbnail size-thumbnail\" alt=\"\" loading=\"lazy\" \/><\/a>\n\t\t\t<\/div><\/figure><figure class='gallery-item'>\n\t\t\t<div class='gallery-icon landscape'>\n\t\t\t\t<a title=\"20170401_134317_1491237035822_resized\" href='http:\/\/archiv.tus-jahn-hilfarth.de\/20170401_134317_1491237035822_resized\/'><img width=\"150\" height=\"150\" src=\"http:\/\/archiv.tus-jahn-hilfarth.de\/wp-content\/uploads\/2017\/04\/20170401_134317_1491237035822_resized-150x150.jpg\" class=\"attachment-thumbnail size-thumbnail\" alt=\"\" loading=\"lazy\" \/><\/a>\n\t\t\t<\/div><\/figure><figure class='gallery-item'>\n\t\t\t<div class='gallery-icon portrait'>\n\t\t\t\t<a title=\"WhatsApp Image 2017-04-02 at 09.47.15\" href='http:\/\/archiv.tus-jahn-hilfarth.de\/index.php\/bahnsaison-fuer-die-kila-eroeffnet\/whatsapp-image-2017-04-02-at-09-47-15\/'><img width=\"150\" height=\"150\" src=\"http:\/\/archiv.tus-jahn-hilfarth.de\/wp-content\/uploads\/2017\/04\/WhatsApp-Image-2017-04-02-at-09.47.15-150x150.jpeg\" class=\"attachment-thumbnail size-thumbnail\" alt=\"\" loading=\"lazy\" \/><\/a>\n\t\t\t<\/div><\/figure><figure class='gallery-item'>\n\t\t\t<div class='gallery-icon landscape'>\n\t\t\t\t<a title=\"WhatsApp Image 2017-04-02 at 09.47.13\" href='http:\/\/archiv.tus-jahn-hilfarth.de\/index.php\/bahnsaison-fuer-die-kila-eroeffnet\/whatsapp-image-2017-04-02-at-09-47-13\/'><img width=\"150\" height=\"150\" src=\"http:\/\/archiv.tus-jahn-hilfarth.de\/wp-content\/uploads\/2017\/04\/WhatsApp-Image-2017-04-02-at-09.47.13-150x150.jpeg\" class=\"attachment-thumbnail size-thumbnail\" alt=\"\" loading=\"lazy\" \/><\/a>\n\t\t\t<\/div><\/figure><figure class='gallery-item'>\n\t\t\t<div class='gallery-icon portrait'>\n\t\t\t\t<a title=\"WhatsApp Image 2017-04-01 at 19.47.58\" href='http:\/\/archiv.tus-jahn-hilfarth.de\/index.php\/bahnsaison-fuer-die-kila-eroeffnet\/whatsapp-image-2017-04-01-at-19-47-58\/'><img width=\"150\" height=\"150\" src=\"http:\/\/archiv.tus-jahn-hilfarth.de\/wp-content\/uploads\/2017\/04\/WhatsApp-Image-2017-04-01-at-19.47.58-150x150.jpeg\" class=\"attachment-thumbnail size-thumbnail\" alt=\"\" loading=\"lazy\" \/><\/a>\n\t\t\t<\/div><\/figure><figure class='gallery-item'>\n\t\t\t<div class='gallery-icon landscape'>\n\t\t\t\t<a title=\"WhatsApp Image 2017-04-02 at 22.44.22\" href='http:\/\/archiv.tus-jahn-hilfarth.de\/index.php\/bahnsaison-fuer-die-kila-eroeffnet\/whatsapp-image-2017-04-02-at-22-44-22\/'><img width=\"150\" height=\"150\" src=\"http:\/\/archiv.tus-jahn-hilfarth.de\/wp-content\/uploads\/2017\/04\/WhatsApp-Image-2017-04-02-at-22.44.22-150x150.jpeg\" class=\"attachment-thumbnail size-thumbnail\" alt=\"\" loading=\"lazy\" \/><\/a>\n\t\t\t<\/div><\/figure><figure class='gallery-item'>\n\t\t\t<div class='gallery-icon landscape'>\n\t\t\t\t<a title=\"WhatsApp Image 2017-04-02 at 22.44.22 (1)\" href='http:\/\/archiv.tus-jahn-hilfarth.de\/index.php\/bahnsaison-fuer-die-kila-eroeffnet\/whatsapp-image-2017-04-02-at-22-44-22-1\/'><img width=\"150\" height=\"150\" src=\"http:\/\/archiv.tus-jahn-hilfarth.de\/wp-content\/uploads\/2017\/04\/WhatsApp-Image-2017-04-02-at-22.44.22-1-150x150.jpeg\" class=\"attachment-thumbnail size-thumbnail\" alt=\"\" loading=\"lazy\" \/><\/a>\n\t\t\t<\/div><\/figure>\n\t\t<\/div>\n\n","protected":false},"excerpt":{"rendered":"<p>Es war der erste April und leider auch Aprilwetter,. Der SC Myhl lud zum allj\u00e4hrlichen KiLa -Wettkampf nach Heinsberg ins Klevchen ein. Perfekt vorbereitet und toll organisert wurde der Wettkampf z\u00fcgig abgewickelt. Danke daf\u00fcr! Aber nichts desto trotz gingen wir an den Start, da hatten wir schon schlimmeres Wetter, erinnern wir uns nur an Schlafhorst [&hellip;]<\/p>\n","protected":false},"author":6,"featured_media":9226,"comment_status":"closed","ping_status":"closed","sticky":false,"template":"","format":"standard","meta":[],"categories":[39,60],"tags":[],"wps_subtitle":"Starker Start in Heinsberg","_links":{"self":[{"href":"http:\/\/archiv.tus-jahn-hilfarth.de\/index.php\/wp-json\/wp\/v2\/posts\/9210"}],"collection":[{"href":"http:\/\/archiv.tus-jahn-hilfarth.de\/index.php\/wp-json\/wp\/v2\/posts"}],"about":[{"href":"http:\/\/archiv.tus-jahn-hilfarth.de\/index.php\/wp-json\/wp\/v2\/types\/post"}],"author":[{"embeddable":true,"href":"http:\/\/archiv.tus-jahn-hilfarth.de\/index.php\/wp-json\/wp\/v2\/users\/6"}],"replies":[{"embeddable":true,"href":"http:\/\/archiv.tus-jahn-hilfarth.de\/index.php\/wp-json\/wp\/v2\/comments?post=9210"}],"version-history":[{"count":7,"href":"http:\/\/archiv.tus-jahn-hilfarth.de\/index.php\/wp-json\/wp\/v2\/posts\/9210\/revisions"}],"predecessor-version":[{"id":9249,"href":"http:\/\/archiv.tus-jahn-hilfarth.de\/index.php\/wp-json\/wp\/v2\/posts\/9210\/revisions\/9249"}],"wp:featuredmedia":[{"embeddable":true,"href":"http:\/\/archiv.tus-jahn-hilfarth.de\/index.php\/wp-json\/wp\/v2\/media\/9226"}],"wp:attachment":[{"href":"http:\/\/archiv.tus-jahn-hilfarth.de\/index.php\/wp-json\/wp\/v2\/media?parent=9210"}],"wp:term":[{"taxonomy":"category","embeddable":true,"href":"http:\/\/archiv.tus-jahn-hilfarth.de\/index.php\/wp-json\/wp\/v2\/categories?post=9210"},{"taxonomy":"post_tag","embeddable":true,"href":"http:\/\/archiv.tus-jahn-hilfarth.de\/index.php\/wp-json\/wp\/v2\/tags?post=9210"}],"curies":[{"name":"wp","href":"https:\/\/api.w.org\/{rel}","templated":true}]}}