{"id":9250,"date":"2017-04-04T22:13:21","date_gmt":"2017-04-04T21:13:21","guid":{"rendered":"http:\/\/tus-jahn-hilfarth.de\/?p=9250"},"modified":"2017-04-04T22:14:08","modified_gmt":"2017-04-04T21:14:08","slug":"herzlichen-glueckwunsch-an-janne","status":"publish","type":"post","link":"http:\/\/archiv.tus-jahn-hilfarth.de\/index.php\/herzlichen-glueckwunsch-an-janne\/","title":{"rendered":"Herzlichen Gl\u00fcckwunsch an Janne"},"content":{"rendered":"<p>Janne Winzen hat bei der Sportgala des Kreissportbundes am Samstag in Erkelenz den dritten Platz als Nachwuchssportlerin bekommen.<\/p>\n<p>Mit ihren Leistungen beim Turnen hat sie die KSB Jury \u00fcberzeugt.<\/p>\n<p>Wir begl\u00fcckw\u00fcnschen Janne von Herzen zu dieser Auszeichnung.<\/p>\n<p>Zum &#8220;Ausgleich&#8221; betreibt Janne mit ihren Geschwistern im TuS Jahn auch Leichtathletik.<\/p>\n","protected":false},"excerpt":{"rendered":"<p>Janne Winzen hat bei der Sportgala des Kreissportbundes am Samstag in Erkelenz den dritten Platz als Nachwuchssportlerin bekommen. Mit ihren Leistungen beim Turnen hat sie die KSB Jury \u00fcberzeugt. Wir begl\u00fcckw\u00fcnschen Janne von Herzen zu dieser Auszeichnung. Zum &#8220;Ausgleich&#8221; betreibt Janne mit ihren Geschwistern im TuS Jahn auch Leichtathletik.<\/p>\n","protected":false},"author":6,"featured_media":9253,"comment_status":"closed","ping_status":"closed","sticky":false,"template":"","format":"standard","meta":[],"categories":[39],"tags":[],"wps_subtitle":"Bronzene Medaille als Nachwuchssportlerin","_links":{"self":[{"href":"http:\/\/archiv.tus-jahn-hilfarth.de\/index.php\/wp-json\/wp\/v2\/posts\/9250"}],"collection":[{"href":"http:\/\/archiv.tus-jahn-hilfarth.de\/index.php\/wp-json\/wp\/v2\/posts"}],"about":[{"href":"http:\/\/archiv.tus-jahn-hilfarth.de\/index.php\/wp-json\/wp\/v2\/types\/post"}],"author":[{"embeddable":true,"href":"http:\/\/archiv.tus-jahn-hilfarth.de\/index.php\/wp-json\/wp\/v2\/users\/6"}],"replies":[{"embeddable":true,"href":"http:\/\/archiv.tus-jahn-hilfarth.de\/index.php\/wp-json\/wp\/v2\/comments?post=9250"}],"version-history":[{"count":2,"href":"http:\/\/archiv.tus-jahn-hilfarth.de\/index.php\/wp-json\/wp\/v2\/posts\/9250\/revisions"}],"predecessor-version":[{"id":9252,"href":"http:\/\/archiv.tus-jahn-hilfarth.de\/index.php\/wp-json\/wp\/v2\/posts\/9250\/revisions\/9252"}],"wp:featuredmedia":[{"embeddable":true,"href":"http:\/\/archiv.tus-jahn-hilfarth.de\/index.php\/wp-json\/wp\/v2\/media\/9253"}],"wp:attachment":[{"href":"http:\/\/archiv.tus-jahn-hilfarth.de\/index.php\/wp-json\/wp\/v2\/media?parent=9250"}],"wp:term":[{"taxonomy":"category","embeddable":true,"href":"http:\/\/archiv.tus-jahn-hilfarth.de\/index.php\/wp-json\/wp\/v2\/categories?post=9250"},{"taxonomy":"post_tag","embeddable":true,"href":"http:\/\/archiv.tus-jahn-hilfarth.de\/index.php\/wp-json\/wp\/v2\/tags?post=9250"}],"curies":[{"name":"wp","href":"https:\/\/api.w.org\/{rel}","templated":true}]}}