{"id":9266,"date":"2017-04-08T23:02:10","date_gmt":"2017-04-08T22:02:10","guid":{"rendered":"http:\/\/tus-jahn-hilfarth.de\/?p=9266"},"modified":"2017-04-08T23:15:43","modified_gmt":"2017-04-08T22:15:43","slug":"ein-gruss-aus-erfurt","status":"publish","type":"post","link":"http:\/\/archiv.tus-jahn-hilfarth.de\/index.php\/ein-gruss-aus-erfurt\/","title":{"rendered":"Ein Gru\u00df aus Erfurt"},"content":{"rendered":"<p>Mit einem sportlichen Gru\u00df aus Erfurt haben sich unsere Leichtathletinnen und Leichtathleten gemeldet.<\/p>\n<p>Seit Freitag Abend sind alle wohlbehalten dort angekommen und heute wurde bereits der erste Trainingstag absolviert.<\/p>\n<p>Bis Freitag wird sich dort auf die neue Bahnsaison vorbereitet.<\/p>\n<p>Traditionell fahren viele Sportler und Sportlerinnen ab U14, die m\u00f6chten und k\u00f6nnen, in den Osterferien mit ihren Trainern Bettina, Markus, Jonas, Reinhard und Rolf ins Trainingslager.<\/p>\n<p>Wir w\u00fcnschen Euch allen, die Ihr mitgefahren seid, von hier aus viel Spa\u00df und eine unfallfreie und verletzungsfreie, spa\u00dfige Zeit.<\/p>\n<p>Die Daheimgebliebenen trainieren wie gehabt weiter zu den \u00fcblichen Trainingszeiten bei Heike und Ingo, teilweise unterst\u00fctzt von Patrick.<\/p>\n","protected":false},"excerpt":{"rendered":"<p>Mit einem sportlichen Gru\u00df aus Erfurt haben sich unsere Leichtathletinnen und Leichtathleten gemeldet. Seit Freitag Abend sind alle wohlbehalten dort angekommen und heute wurde bereits der erste Trainingstag absolviert. Bis Freitag wird sich dort auf die neue Bahnsaison vorbereitet. Traditionell fahren viele Sportler und Sportlerinnen ab U14, die m\u00f6chten und k\u00f6nnen, in den Osterferien mit [&hellip;]<\/p>\n","protected":false},"author":6,"featured_media":9269,"comment_status":"closed","ping_status":"closed","sticky":false,"template":"","format":"standard","meta":[],"categories":[39,60],"tags":[],"wps_subtitle":"Leichtathleten im Trainingslager","_links":{"self":[{"href":"http:\/\/archiv.tus-jahn-hilfarth.de\/index.php\/wp-json\/wp\/v2\/posts\/9266"}],"collection":[{"href":"http:\/\/archiv.tus-jahn-hilfarth.de\/index.php\/wp-json\/wp\/v2\/posts"}],"about":[{"href":"http:\/\/archiv.tus-jahn-hilfarth.de\/index.php\/wp-json\/wp\/v2\/types\/post"}],"author":[{"embeddable":true,"href":"http:\/\/archiv.tus-jahn-hilfarth.de\/index.php\/wp-json\/wp\/v2\/users\/6"}],"replies":[{"embeddable":true,"href":"http:\/\/archiv.tus-jahn-hilfarth.de\/index.php\/wp-json\/wp\/v2\/comments?post=9266"}],"version-history":[{"count":3,"href":"http:\/\/archiv.tus-jahn-hilfarth.de\/index.php\/wp-json\/wp\/v2\/posts\/9266\/revisions"}],"predecessor-version":[{"id":9271,"href":"http:\/\/archiv.tus-jahn-hilfarth.de\/index.php\/wp-json\/wp\/v2\/posts\/9266\/revisions\/9271"}],"wp:featuredmedia":[{"embeddable":true,"href":"http:\/\/archiv.tus-jahn-hilfarth.de\/index.php\/wp-json\/wp\/v2\/media\/9269"}],"wp:attachment":[{"href":"http:\/\/archiv.tus-jahn-hilfarth.de\/index.php\/wp-json\/wp\/v2\/media?parent=9266"}],"wp:term":[{"taxonomy":"category","embeddable":true,"href":"http:\/\/archiv.tus-jahn-hilfarth.de\/index.php\/wp-json\/wp\/v2\/categories?post=9266"},{"taxonomy":"post_tag","embeddable":true,"href":"http:\/\/archiv.tus-jahn-hilfarth.de\/index.php\/wp-json\/wp\/v2\/tags?post=9266"}],"curies":[{"name":"wp","href":"https:\/\/api.w.org\/{rel}","templated":true}]}}