{"id":9393,"date":"2017-05-01T19:34:35","date_gmt":"2017-05-01T18:34:35","guid":{"rendered":"http:\/\/tus-jahn-hilfarth.de\/?p=9393"},"modified":"2017-05-03T10:57:32","modified_gmt":"2017-05-03T09:57:32","slug":"der-haarspendetag-in-bildern","status":"publish","type":"post","link":"http:\/\/archiv.tus-jahn-hilfarth.de\/index.php\/der-haarspendetag-in-bildern\/","title":{"rendered":"Der Haarspendetag in Bildern"},"content":{"rendered":"<p>Einige Bilder fassen den zur\u00fcckliegenden\u00a0<a href=\"http:\/\/tus-jahn-hilfarth.de\/index.php\/haarspendetag\/\">Haarspendetag<\/a>\u00a0zusammen:<\/p>\n<div id='gallery-1' class='gallery galleryid-9393 gallery-columns-3 gallery-size-thumbnail'><figure class='gallery-item'>\n\t\t\t<div class='gallery-icon landscape'>\n\t\t\t\t<a title=\"Haarspendetag-1\" href='http:\/\/archiv.tus-jahn-hilfarth.de\/wp-content\/uploads\/2017\/05\/Haarspendetag-1.jpg'><img width=\"150\" height=\"150\" src=\"http:\/\/archiv.tus-jahn-hilfarth.de\/wp-content\/uploads\/2017\/05\/Haarspendetag-1-150x150.jpg\" class=\"attachment-thumbnail size-thumbnail\" alt=\"\" loading=\"lazy\" aria-describedby=\"gallery-1-9394\" \/><\/a>\n\t\t\t<\/div>\n\t\t\t\t<figcaption class='wp-caption-text gallery-caption' id='gallery-1-9394'>\n\t\t\t\tB\u00fcrgermeister Bernd Jansen und Markus Sodekamp er\u00f6ffnen die Vernanstaltung\n\t\t\t\t<\/figcaption><\/figure><figure class='gallery-item'>\n\t\t\t<div class='gallery-icon landscape'>\n\t\t\t\t<a title=\"Haarspendetag-3\" href='http:\/\/archiv.tus-jahn-hilfarth.de\/wp-content\/uploads\/2017\/05\/Haarspendetag-3.jpg'><img width=\"150\" height=\"150\" src=\"http:\/\/archiv.tus-jahn-hilfarth.de\/wp-content\/uploads\/2017\/05\/Haarspendetag-3-150x150.jpg\" class=\"attachment-thumbnail size-thumbnail\" alt=\"\" loading=\"lazy\" aria-describedby=\"gallery-1-9396\" \/><\/a>\n\t\t\t<\/div>\n\t\t\t\t<figcaption class='wp-caption-text gallery-caption' id='gallery-1-9396'>\n\t\t\t\tDie C-Juniorinnen \u2013 hier noch mit langen Haaren\n\t\t\t\t<\/figcaption><\/figure><figure class='gallery-item'>\n\t\t\t<div class='gallery-icon landscape'>\n\t\t\t\t<a title=\"Haarspendetag-4\" href='http:\/\/archiv.tus-jahn-hilfarth.de\/wp-content\/uploads\/2017\/05\/Haarspendetag-4.jpg'><img width=\"150\" height=\"150\" src=\"http:\/\/archiv.tus-jahn-hilfarth.de\/wp-content\/uploads\/2017\/05\/Haarspendetag-4-150x150.jpg\" class=\"attachment-thumbnail size-thumbnail\" alt=\"\" loading=\"lazy\" aria-describedby=\"gallery-1-9397\" \/><\/a>\n\t\t\t<\/div>\n\t\t\t\t<figcaption class='wp-caption-text gallery-caption' id='gallery-1-9397'>\n\t\t\t\tB\u00fcrgermeister Bernd Jansen zollt den C-Juniorinnen gr\u00f6\u00dften Respekt f\u00fcr ihren Mut \n\t\t\t\t<\/figcaption><\/figure><figure class='gallery-item'>\n\t\t\t<div class='gallery-icon landscape'>\n\t\t\t\t<a title=\"Haarspendetag-5\" href='http:\/\/archiv.tus-jahn-hilfarth.de\/wp-content\/uploads\/2017\/05\/Haarspendetag-5.jpg'><img width=\"150\" height=\"150\" src=\"http:\/\/archiv.tus-jahn-hilfarth.de\/wp-content\/uploads\/2017\/05\/Haarspendetag-5-150x150.jpg\" class=\"attachment-thumbnail size-thumbnail\" alt=\"\" loading=\"lazy\" aria-describedby=\"gallery-1-9398\" \/><\/a>\n\t\t\t<\/div>\n\t\t\t\t<figcaption class='wp-caption-text gallery-caption' id='gallery-1-9398'>\n\t\t\t\tTuS-Chef Olli Hermsmeier zeigt sich stolz \u00fcber die Ausrichtung der Veranstaltung\n\t\t\t\t<\/figcaption><\/figure><figure class='gallery-item'>\n\t\t\t<div class='gallery-icon landscape'>\n\t\t\t\t<a title=\"Haarspendetag-7\" href='http:\/\/archiv.tus-jahn-hilfarth.de\/wp-content\/uploads\/2017\/05\/Haarspendetag-7.jpg'><img width=\"150\" height=\"150\" src=\"http:\/\/archiv.tus-jahn-hilfarth.de\/wp-content\/uploads\/2017\/05\/Haarspendetag-7-150x150.jpg\" class=\"attachment-thumbnail size-thumbnail\" alt=\"\" loading=\"lazy\" aria-describedby=\"gallery-1-9400\" \/><\/a>\n\t\t\t<\/div>\n\t\t\t\t<figcaption class='wp-caption-text gallery-caption' id='gallery-1-9400'>\n\t\t\t\tEines der letzten Bilder der langhaarigen C-Juniorinnen\n\t\t\t\t<\/figcaption><\/figure><figure class='gallery-item'>\n\t\t\t<div class='gallery-icon landscape'>\n\t\t\t\t<a title=\"Haarspendetag-9\" href='http:\/\/archiv.tus-jahn-hilfarth.de\/wp-content\/uploads\/2017\/05\/Haarspendetag-9.jpg'><img width=\"150\" height=\"150\" src=\"http:\/\/archiv.tus-jahn-hilfarth.de\/wp-content\/uploads\/2017\/05\/Haarspendetag-9-150x150.jpg\" class=\"attachment-thumbnail size-thumbnail\" alt=\"\" loading=\"lazy\" aria-describedby=\"gallery-1-9402\" \/><\/a>\n\t\t\t<\/div>\n\t\t\t\t<figcaption class='wp-caption-text gallery-caption' id='gallery-1-9402'>\n\t\t\t\tFriseur Dirk Hermanns setzt mit der Schere an..\n\t\t\t\t<\/figcaption><\/figure><figure class='gallery-item'>\n\t\t\t<div class='gallery-icon landscape'>\n\t\t\t\t<a title=\"Haarspendetag-10\" href='http:\/\/archiv.tus-jahn-hilfarth.de\/wp-content\/uploads\/2017\/05\/Haarspendetag-10.jpg'><img width=\"150\" height=\"150\" src=\"http:\/\/archiv.tus-jahn-hilfarth.de\/wp-content\/uploads\/2017\/05\/Haarspendetag-10-150x150.jpg\" class=\"attachment-thumbnail size-thumbnail\" alt=\"\" loading=\"lazy\" aria-describedby=\"gallery-1-9403\" \/><\/a>\n\t\t\t<\/div>\n\t\t\t\t<figcaption class='wp-caption-text gallery-caption' id='gallery-1-9403'>\n\t\t\t\t.. und pr\u00e4sentiert kurz darauf den abgeschnittenen Zopf\n\t\t\t\t<\/figcaption><\/figure><figure class='gallery-item'>\n\t\t\t<div class='gallery-icon landscape'>\n\t\t\t\t<a title=\"Haarspendetag-12\" href='http:\/\/archiv.tus-jahn-hilfarth.de\/wp-content\/uploads\/2017\/05\/Haarspendetag-12.jpg'><img width=\"150\" height=\"150\" src=\"http:\/\/archiv.tus-jahn-hilfarth.de\/wp-content\/uploads\/2017\/05\/Haarspendetag-12-150x150.jpg\" class=\"attachment-thumbnail size-thumbnail\" alt=\"\" loading=\"lazy\" aria-describedby=\"gallery-1-9405\" \/><\/a>\n\t\t\t<\/div>\n\t\t\t\t<figcaption class='wp-caption-text gallery-caption' id='gallery-1-9405'>\n\t\t\t\tDie H\u00fcckelhovener Maskottchen Biber B\u00e4rbel und Rudi\n\t\t\t\t<\/figcaption><\/figure><figure class='gallery-item'>\n\t\t\t<div class='gallery-icon landscape'>\n\t\t\t\t<a title=\"Haarspendetag-14\" href='http:\/\/archiv.tus-jahn-hilfarth.de\/wp-content\/uploads\/2017\/05\/Haarspendetag-14.jpg'><img width=\"150\" height=\"150\" src=\"http:\/\/archiv.tus-jahn-hilfarth.de\/wp-content\/uploads\/2017\/05\/Haarspendetag-14-150x150.jpg\" class=\"attachment-thumbnail size-thumbnail\" alt=\"\" loading=\"lazy\" aria-describedby=\"gallery-1-9407\" \/><\/a>\n\t\t\t<\/div>\n\t\t\t\t<figcaption class='wp-caption-text gallery-caption' id='gallery-1-9407'>\n\t\t\t\tEin weiterer Zopf weicht f\u00fcr den guten Zweck\n\t\t\t\t<\/figcaption><\/figure><figure class='gallery-item'>\n\t\t\t<div class='gallery-icon landscape'>\n\t\t\t\t<a title=\"Haarspendetag-15\" href='http:\/\/archiv.tus-jahn-hilfarth.de\/wp-content\/uploads\/2017\/05\/Haarspendetag-15.jpg'><img width=\"150\" height=\"150\" src=\"http:\/\/archiv.tus-jahn-hilfarth.de\/wp-content\/uploads\/2017\/05\/Haarspendetag-15-150x150.jpg\" class=\"attachment-thumbnail size-thumbnail\" alt=\"\" loading=\"lazy\" aria-describedby=\"gallery-1-9408\" \/><\/a>\n\t\t\t<\/div>\n\t\t\t\t<figcaption class='wp-caption-text gallery-caption' id='gallery-1-9408'>\n\t\t\t\t&#8220;Miss Germany&#8221; Vivien Konca und &#8220;Mister Germany&#8221; Oliver Sanne\n\t\t\t\t<\/figcaption><\/figure><figure class='gallery-item'>\n\t\t\t<div class='gallery-icon landscape'>\n\t\t\t\t<a title=\"Haarspendetag-16\" href='http:\/\/archiv.tus-jahn-hilfarth.de\/wp-content\/uploads\/2017\/05\/Haarspendetag-16.jpg'><img width=\"150\" height=\"150\" src=\"http:\/\/archiv.tus-jahn-hilfarth.de\/wp-content\/uploads\/2017\/05\/Haarspendetag-16-150x150.jpg\" class=\"attachment-thumbnail size-thumbnail\" alt=\"\" loading=\"lazy\" aria-describedby=\"gallery-1-9409\" \/><\/a>\n\t\t\t<\/div>\n\t\t\t\t<figcaption class='wp-caption-text gallery-caption' id='gallery-1-9409'>\n\t\t\t\tAuch Ex-Bundesliga-Spieler Horst Wohlers besuchte den Haarspendetag\n\t\t\t\t<\/figcaption><\/figure><figure class='gallery-item'>\n\t\t\t<div class='gallery-icon landscape'>\n\t\t\t\t<a title=\"Haarspendetag-17\" href='http:\/\/archiv.tus-jahn-hilfarth.de\/wp-content\/uploads\/2017\/05\/Haarspendetag-17.jpg'><img width=\"150\" height=\"150\" src=\"http:\/\/archiv.tus-jahn-hilfarth.de\/wp-content\/uploads\/2017\/05\/Haarspendetag-17-150x150.jpg\" class=\"attachment-thumbnail size-thumbnail\" alt=\"\" loading=\"lazy\" aria-describedby=\"gallery-1-9410\" \/><\/a>\n\t\t\t<\/div>\n\t\t\t\t<figcaption class='wp-caption-text gallery-caption' id='gallery-1-9410'>\n\t\t\t\tVivien Konca beteiligt sich an der Haarspendeaktion\n\t\t\t\t<\/figcaption><\/figure><figure class='gallery-item'>\n\t\t\t<div class='gallery-icon landscape'>\n\t\t\t\t<a title=\"Haarspendetag-19\" href='http:\/\/archiv.tus-jahn-hilfarth.de\/wp-content\/uploads\/2017\/05\/Haarspendetag-19.jpg'><img width=\"150\" height=\"150\" src=\"http:\/\/archiv.tus-jahn-hilfarth.de\/wp-content\/uploads\/2017\/05\/Haarspendetag-19-150x150.jpg\" class=\"attachment-thumbnail size-thumbnail\" alt=\"\" loading=\"lazy\" aria-describedby=\"gallery-1-9412\" \/><\/a>\n\t\t\t<\/div>\n\t\t\t\t<figcaption class='wp-caption-text gallery-caption' id='gallery-1-9412'>\n\t\t\t\tDie abgeschnittenen Z\u00f6pfe werden zur Per\u00fcckenherstellung genutzt\n\t\t\t\t<\/figcaption><\/figure><figure class='gallery-item'>\n\t\t\t<div class='gallery-icon landscape'>\n\t\t\t\t<a title=\"Haarspendetag-20\" href='http:\/\/archiv.tus-jahn-hilfarth.de\/wp-content\/uploads\/2017\/05\/Haarspendetag-20.jpg'><img width=\"150\" height=\"150\" src=\"http:\/\/archiv.tus-jahn-hilfarth.de\/wp-content\/uploads\/2017\/05\/Haarspendetag-20-150x150.jpg\" class=\"attachment-thumbnail size-thumbnail\" alt=\"\" loading=\"lazy\" aria-describedby=\"gallery-1-9413\" \/><\/a>\n\t\t\t<\/div>\n\t\t\t\t<figcaption class='wp-caption-text gallery-caption' id='gallery-1-9413'>\n\t\t\t\tDie &#8220;L\u00e4sterschwestern&#8221; sorgten f\u00fcr den Cafteriabetrieb\n\t\t\t\t<\/figcaption><\/figure>\n\t\t<\/div>\n\n","protected":false},"excerpt":{"rendered":"<p>Einige Bilder fassen den zur\u00fcckliegenden\u00a0Haarspendetag\u00a0zusammen:<\/p>\n","protected":false},"author":1,"featured_media":9404,"comment_status":"closed","ping_status":"closed","sticky":false,"template":"","format":"standard","meta":[],"categories":[182,269,250],"tags":[],"wps_subtitle":"","_links":{"self":[{"href":"http:\/\/archiv.tus-jahn-hilfarth.de\/index.php\/wp-json\/wp\/v2\/posts\/9393"}],"collection":[{"href":"http:\/\/archiv.tus-jahn-hilfarth.de\/index.php\/wp-json\/wp\/v2\/posts"}],"about":[{"href":"http:\/\/archiv.tus-jahn-hilfarth.de\/index.php\/wp-json\/wp\/v2\/types\/post"}],"author":[{"embeddable":true,"href":"http:\/\/archiv.tus-jahn-hilfarth.de\/index.php\/wp-json\/wp\/v2\/users\/1"}],"replies":[{"embeddable":true,"href":"http:\/\/archiv.tus-jahn-hilfarth.de\/index.php\/wp-json\/wp\/v2\/comments?post=9393"}],"version-history":[{"count":4,"href":"http:\/\/archiv.tus-jahn-hilfarth.de\/index.php\/wp-json\/wp\/v2\/posts\/9393\/revisions"}],"predecessor-version":[{"id":9417,"href":"http:\/\/archiv.tus-jahn-hilfarth.de\/index.php\/wp-json\/wp\/v2\/posts\/9393\/revisions\/9417"}],"wp:featuredmedia":[{"embeddable":true,"href":"http:\/\/archiv.tus-jahn-hilfarth.de\/index.php\/wp-json\/wp\/v2\/media\/9404"}],"wp:attachment":[{"href":"http:\/\/archiv.tus-jahn-hilfarth.de\/index.php\/wp-json\/wp\/v2\/media?parent=9393"}],"wp:term":[{"taxonomy":"category","embeddable":true,"href":"http:\/\/archiv.tus-jahn-hilfarth.de\/index.php\/wp-json\/wp\/v2\/categories?post=9393"},{"taxonomy":"post_tag","embeddable":true,"href":"http:\/\/archiv.tus-jahn-hilfarth.de\/index.php\/wp-json\/wp\/v2\/tags?post=9393"}],"curies":[{"name":"wp","href":"https:\/\/api.w.org\/{rel}","templated":true}]}}