{"id":9582,"date":"2017-05-28T09:07:47","date_gmt":"2017-05-28T07:07:47","guid":{"rendered":"http:\/\/tus-jahn-hilfarth.de\/?p=9582"},"modified":"2017-05-28T09:08:36","modified_gmt":"2017-05-28T07:08:36","slug":"neuerungen-bei-bambinis","status":"publish","type":"post","link":"http:\/\/archiv.tus-jahn-hilfarth.de\/index.php\/neuerungen-bei-bambinis\/","title":{"rendered":"Neuerungen bei Bambinis"},"content":{"rendered":"<p>TuS-Jugendleiter Arndt Holten besuchte in dieser Woche ein gemeinsames Training der Bambini und Mini-Bambini. Dabei begr\u00fc\u00dfte er mit Mario Karag\u00f6z und J\u00f6rg Evertz zwei neue Trainer.<\/p>\n<p>Karag\u00f6z wird\u00a0k\u00fcnftig das Training der Mini-Bambini leiten, Evertz ist f\u00fcr die Bambini I zust\u00e4ndig. Wie bisher werden Tobias Wolf und Heiko Thomas die Bambini II betreuen.\u00a0Mannschafts\u00fcbergreifend unterst\u00fctzen Davut C\u00f6mlek und Thomas Wolf.<\/p>\n<p>Arndt Holten freute sich, dass die Trainerteams des\u00a0TuS Jahn Hilfarth auch\u00a0bei den j\u00fcngeren Mannschaften personell sehr\u00a0gut aufgestellt sind. Er betonte, dass der Verein viel Wert darauf legt, kindgerecht Spa\u00df am Sport zu vermitteln. Und das bereits ab einem Alter von drei Jahren.<\/p>\n<p>Nach der vielen Bewegung beim Training freuten sich die Kinder \u00fcber kleine S\u00fc\u00dfigkeiten,\u00a0die Arndt Holten mitgebracht hatte.<\/p>\n<div id='gallery-1' class='gallery galleryid-9582 gallery-columns-4 gallery-size-thumbnail'><figure class='gallery-item'>\n\t\t\t<div class='gallery-icon landscape'>\n\t\t\t\t<a title=\"Bambini 2017\" href='http:\/\/archiv.tus-jahn-hilfarth.de\/wp-content\/uploads\/2017\/05\/IMG_0398.jpg'><img width=\"150\" height=\"150\" src=\"http:\/\/archiv.tus-jahn-hilfarth.de\/wp-content\/uploads\/2017\/05\/IMG_0398-150x150.jpg\" class=\"attachment-thumbnail size-thumbnail\" alt=\"\" loading=\"lazy\" \/><\/a>\n\t\t\t<\/div><\/figure><figure class='gallery-item'>\n\t\t\t<div class='gallery-icon landscape'>\n\t\t\t\t<a title=\"Bambini 2017\" href='http:\/\/archiv.tus-jahn-hilfarth.de\/wp-content\/uploads\/2017\/05\/IMG_0400.jpg'><img width=\"150\" height=\"150\" src=\"http:\/\/archiv.tus-jahn-hilfarth.de\/wp-content\/uploads\/2017\/05\/IMG_0400-150x150.jpg\" class=\"attachment-thumbnail size-thumbnail\" alt=\"\" loading=\"lazy\" \/><\/a>\n\t\t\t<\/div><\/figure><figure class='gallery-item'>\n\t\t\t<div class='gallery-icon landscape'>\n\t\t\t\t<a title=\"Bambini 2017\" href='http:\/\/archiv.tus-jahn-hilfarth.de\/wp-content\/uploads\/2017\/05\/FullSizeRender-3.jpg'><img width=\"150\" height=\"150\" src=\"http:\/\/archiv.tus-jahn-hilfarth.de\/wp-content\/uploads\/2017\/05\/FullSizeRender-3-150x150.jpg\" class=\"attachment-thumbnail size-thumbnail\" alt=\"\" loading=\"lazy\" \/><\/a>\n\t\t\t<\/div><\/figure><figure class='gallery-item'>\n\t\t\t<div class='gallery-icon landscape'>\n\t\t\t\t<a title=\"Bambini 2017\" href='http:\/\/archiv.tus-jahn-hilfarth.de\/wp-content\/uploads\/2017\/05\/FullSizeRender.jpg'><img width=\"150\" height=\"150\" src=\"http:\/\/archiv.tus-jahn-hilfarth.de\/wp-content\/uploads\/2017\/05\/FullSizeRender-150x150.jpg\" class=\"attachment-thumbnail size-thumbnail\" alt=\"\" loading=\"lazy\" \/><\/a>\n\t\t\t<\/div><\/figure>\n\t\t<\/div>\n\n","protected":false},"excerpt":{"rendered":"<p>TuS-Jugendleiter Arndt Holten besuchte in dieser Woche ein gemeinsames Training der Bambini und Mini-Bambini. Dabei begr\u00fc\u00dfte er mit Mario Karag\u00f6z und J\u00f6rg Evertz zwei neue Trainer. Karag\u00f6z wird\u00a0k\u00fcnftig das Training der Mini-Bambini leiten, Evertz ist f\u00fcr die Bambini I zust\u00e4ndig. Wie bisher werden Tobias Wolf und Heiko Thomas die Bambini II betreuen.\u00a0Mannschafts\u00fcbergreifend unterst\u00fctzen Davut C\u00f6mlek [&hellip;]<\/p>\n","protected":false},"author":1,"featured_media":9583,"comment_status":"closed","ping_status":"closed","sticky":false,"template":"","format":"standard","meta":[],"categories":[13,60],"tags":[],"wps_subtitle":"Fu\u00dfball ab 3 Jahren","_links":{"self":[{"href":"http:\/\/archiv.tus-jahn-hilfarth.de\/index.php\/wp-json\/wp\/v2\/posts\/9582"}],"collection":[{"href":"http:\/\/archiv.tus-jahn-hilfarth.de\/index.php\/wp-json\/wp\/v2\/posts"}],"about":[{"href":"http:\/\/archiv.tus-jahn-hilfarth.de\/index.php\/wp-json\/wp\/v2\/types\/post"}],"author":[{"embeddable":true,"href":"http:\/\/archiv.tus-jahn-hilfarth.de\/index.php\/wp-json\/wp\/v2\/users\/1"}],"replies":[{"embeddable":true,"href":"http:\/\/archiv.tus-jahn-hilfarth.de\/index.php\/wp-json\/wp\/v2\/comments?post=9582"}],"version-history":[{"count":2,"href":"http:\/\/archiv.tus-jahn-hilfarth.de\/index.php\/wp-json\/wp\/v2\/posts\/9582\/revisions"}],"predecessor-version":[{"id":9589,"href":"http:\/\/archiv.tus-jahn-hilfarth.de\/index.php\/wp-json\/wp\/v2\/posts\/9582\/revisions\/9589"}],"wp:featuredmedia":[{"embeddable":true,"href":"http:\/\/archiv.tus-jahn-hilfarth.de\/index.php\/wp-json\/wp\/v2\/media\/9583"}],"wp:attachment":[{"href":"http:\/\/archiv.tus-jahn-hilfarth.de\/index.php\/wp-json\/wp\/v2\/media?parent=9582"}],"wp:term":[{"taxonomy":"category","embeddable":true,"href":"http:\/\/archiv.tus-jahn-hilfarth.de\/index.php\/wp-json\/wp\/v2\/categories?post=9582"},{"taxonomy":"post_tag","embeddable":true,"href":"http:\/\/archiv.tus-jahn-hilfarth.de\/index.php\/wp-json\/wp\/v2\/tags?post=9582"}],"curies":[{"name":"wp","href":"https:\/\/api.w.org\/{rel}","templated":true}]}}